{"id":2537,"date":"2017-09-18T08:23:44","date_gmt":"2017-09-18T13:23:44","guid":{"rendered":"http:\/\/www.archivosfutmex.com\/wordpress\/?p=2537"},"modified":"2017-09-18T08:23:44","modified_gmt":"2017-09-18T13:23:44","slug":"u-de-g-primer-partido-de-copa-mexico-entre-u-de-g-y-monterrey-1974-archvosfutmex-com","status":"publish","type":"post","link":"https:\/\/www.archivosfutmex.com\/wordpress\/archivos\/2537","title":{"rendered":"U de G : Primer Partido de Copa M\u00e9xico entre U de G y Monterrey , 1974&#8230;Archvosfutmex.com"},"content":{"rendered":"<p>Primer Partido de Copa M\u00e9xico entre U de G y Monterrey.<\/p>\n<p>S\u00e1bado 5 de Octubre de 1974\u00a0\u00a0\u00a0\u00a0\u00a0\u00a0\u00a0\u00a0\u00a0 Estadio Jalisco<\/p>\n<p>&nbsp;<\/p>\n<p>U de G \u2013 1\u00a0\u00a0\u00a0\u00a0\u00a0\u00a0\u00a0\u00a0\u00a0\u00a0\u00a0\u00a0\u00a0\u00a0\u00a0\u00a0\u00a0\u00a0\u00a0 Monterrey \u2013 0<\/p>\n<p>Nen\u00e8<\/p>\n<p>&nbsp;<\/p>\n<p>U de G : Ignacio Calder\u00f3n : Francisco \u201c M\u00e9dico\u201d R\u00edos , Jorge G\u00f3mez Orozco ,<\/p>\n<p>Roberto da Silva , Alejandro \u201c Iguala\u201d Mart\u00ednez , Ernesto S\u00e1nchez ,<\/p>\n<p>Belisario L\u00f3pez , Jair de Jes\u00fas Pereira , Carlos de Jes\u00fas Eusebio ,<\/p>\n<p>Belarmino de Almeida \u201c Nen\u00e9 \u201c , Jos\u00e9 de Jes\u00fas Dami\u00e1n ( Arturo Vega 66 ).<\/p>\n<p>&nbsp;<\/p>\n<p>Monterrey : Javier Quintero Morones : Jos\u00e9 S\u00e1nchez , Guaracy Barbosa ,<\/p>\n<p>Vicente \u00c1lvarez, Ricardo D\u00edaz, Basilio Salazar , Nilo Acu\u00f1a ( V\u00efctor Imperial \u00a083)<\/p>\n<p>Francisco Bertochi , Milton Carlos , Francisco Sol\u00eds , Alfredo Jim\u00e9nez( Pedro Dami\u00e1n 60)<\/p>\n<p>&nbsp;<\/p>\n<p>Entrenador de la U de G: Jos\u00e9 Gomez Nogueira<\/p>\n<p>Entrenador del Monterrey : Ignacio J\u00e1uregui<\/p>\n<p>&nbsp;<\/p>\n<p>&nbsp;<\/p>\n<p>&nbsp;<\/p>\n<p>La U de G . Fall\u00f2 dos penaltis, Jair (43\u2019 Hacia Fuera)<\/p>\n<p>Jorge G\u00f2mez Orozco ( detenido)<\/p>\n<p>&nbsp;<\/p>\n<p>Debut\u00f2 Ignacio Calder\u00f2n<\/p>\n<p>Expulsados : Vicente \u00c0lvarez (Monterrey)<\/p>\n<p>Francisco Bertochi ( Monterrey)<\/p>\n<p>&nbsp;<\/p>\n<p>&nbsp;<\/p>\n<p>\u00c0rbitro: Antonio R. M\u00e0rquez<\/p>\n<p>&nbsp;<\/p>\n<p>Archivosfutmex.com<\/p>\n<p>FACEBOOK : GUILLERMO GLORIA FONSECA<\/p>\n<p>E &#8211; MAIL : <a href=\"mailto:guillermogloria3@gmail.com\">guillermogloria3@gmail.com<\/a><\/p>\n<p>&nbsp;<\/p>\n<p>&nbsp;<\/p>\n<p>&nbsp;<\/p>\n<p>&nbsp;<\/p>\n","protected":false},"excerpt":{"rendered":"<p>Primer Partido de Copa M\u00e9xico entre U de G y Monterrey. S\u00e1bado 5 de Octubre de 1974\u00a0\u00a0\u00a0\u00a0\u00a0\u00a0\u00a0\u00a0\u00a0 Estadio Jalisco &nbsp; U de G \u2013 1\u00a0\u00a0\u00a0\u00a0\u00a0\u00a0\u00a0\u00a0\u00a0\u00a0\u00a0\u00a0\u00a0\u00a0\u00a0\u00a0\u00a0\u00a0\u00a0 Monterrey \u2013 0 Nen\u00e8 &nbsp; U de G : Ignacio Calder\u00f3n : Francisco \u201c M\u00e9dico\u201d R\u00edos , Jorge G\u00f3mez Orozco , Roberto da Silva , Alejandro \u201c Iguala\u201d Mart\u00ednez , [&hellip;]<\/p>\n","protected":false},"author":2,"featured_media":0,"comment_status":"closed","ping_status":"closed","sticky":false,"template":"","format":"standard","meta":{"footnotes":""},"categories":[79],"tags":[],"class_list":["post-2537","post","type-post","status-publish","format-standard","hentry","category-leones-negros-de-la-universidad-de-guadalajara"],"_links":{"self":[{"href":"https:\/\/www.archivosfutmex.com\/wordpress\/wp-json\/wp\/v2\/posts\/2537","targetHints":{"allow":["GET"]}}],"collection":[{"href":"https:\/\/www.archivosfutmex.com\/wordpress\/wp-json\/wp\/v2\/posts"}],"about":[{"href":"https:\/\/www.archivosfutmex.com\/wordpress\/wp-json\/wp\/v2\/types\/post"}],"author":[{"embeddable":true,"href":"https:\/\/www.archivosfutmex.com\/wordpress\/wp-json\/wp\/v2\/users\/2"}],"replies":[{"embeddable":true,"href":"https:\/\/www.archivosfutmex.com\/wordpress\/wp-json\/wp\/v2\/comments?post=2537"}],"version-history":[{"count":0,"href":"https:\/\/www.archivosfutmex.com\/wordpress\/wp-json\/wp\/v2\/posts\/2537\/revisions"}],"wp:attachment":[{"href":"https:\/\/www.archivosfutmex.com\/wordpress\/wp-json\/wp\/v2\/media?parent=2537"}],"wp:term":[{"taxonomy":"category","embeddable":true,"href":"https:\/\/www.archivosfutmex.com\/wordpress\/wp-json\/wp\/v2\/categories?post=2537"},{"taxonomy":"post_tag","embeddable":true,"href":"https:\/\/www.archivosfutmex.com\/wordpress\/wp-json\/wp\/v2\/tags?post=2537"}],"curies":[{"name":"wp","href":"https:\/\/api.w.org\/{rel}","templated":true}]}}