{"id":2844,"date":"2018-04-02T22:54:03","date_gmt":"2018-04-03T03:54:03","guid":{"rendered":"http:\/\/www.archivosfutmex.com\/wordpress\/?p=2844"},"modified":"2018-04-02T22:54:03","modified_gmt":"2018-04-03T03:54:03","slug":"u-de-g-primer-partido-oficial-entre-u-de-g-y-atlante-en-su-historia-archivosfutmex-com","status":"publish","type":"post","link":"https:\/\/www.archivosfutmex.com\/wordpress\/archivos\/2844","title":{"rendered":"U de G : Primer Partido Oficial entre U de G y Atlante en su Historia &#8230;&#8230;Archivosfutmex.com"},"content":{"rendered":"<p>Primer Partido Oficial entre U de G y Atlante en su Historia.<br \/>\nJueves 5 de Septiembre de 1974\u00a0\u00a0\u00a0\u00a0\u00a0 Estadio Azteca<\/p>\n<p>Atlante &#8211; 2\u00a0\u00a0\u00a0\u00a0\u00a0\u00a0\u00a0\u00a0\u00a0\u00a0\u00a0\u00a0\u00a0\u00a0\u00a0\u00a0\u00a0\u00a0\u00a0\u00a0\u00a0\u00a0\u00a0\u00a0\u00a0\u00a0\u00a0\u00a0\u00a0\u00a0\u00a0\u00a0\u00a0\u00a0\u00a0\u00a0\u00a0\u00a0\u00a0 U de G \u2013 3<\/p>\n<p>&nbsp;<\/p>\n<p>Morales (Atlante)\u00a0\u00a0\u00a0\u00a0\u00a0\u00a0\u00a0\u00a0\u00a0\u00a0\u00a0\u00a0\u00a0\u00a0\u00a0\u00a0\u00a0\u00a0\u00a0\u00a0\u00a0\u00a0\u00a0\u00a0\u00a0\u00a0\u00a0\u00a0\u00a0\u00a0\u00a0\u00a0\u00a0\u00a0\u00a0\u00a0\u00a0 Alberto \u201cToro\u201d G\u00f3mez<\/p>\n<p>Crescencio S\u00e1nchez (Atlante)\u00a0\u00a0\u00a0\u00a0\u00a0\u00a0\u00a0\u00a0\u00a0\u00a0\u00a0\u00a0\u00a0\u00a0\u00a0\u00a0\u00a0\u00a0\u00a0\u00a0\u00a0\u00a0\u00a0\u00a0\u00a0\u00a0\u00a0\u00a0 Carlos de Jes\u00f9s Eusebio (2)<\/p>\n<p>&nbsp;<\/p>\n<p>U de G: Arturo Rub\u00e9n V\u00e1zquez: \u00c1ngel Talavera , Jorge G\u00f3mez Orozco ,<\/p>\n<p>Roberto Da Silva ( G\u00f3mez ) , Francisco R\u00edos , Jos\u00e9 \u201c Caica \u201c Zamora ,<\/p>\n<p>Ernesto S\u00e1nchez\u00a0 ( Alberto \u201c Toro\u201d G\u00f3mez ) , Belisario L\u00f3pez ,<\/p>\n<p>Carlos de Jes\u00fas Eusebio , Agust\u00edn Estrada.<\/p>\n<p>&nbsp;<\/p>\n<p>Entrenador: Jos\u00e9 Gomes Nogueira<\/p>\n<p>&nbsp;<\/p>\n<p>Atlante: Armando Franco : Daniel Montes de Oca , Alejandro Ram\u00edrez ,<\/p>\n<p>Rodolfo Mej\u00eda; Hern\u00e1ndez ; Romero Reyes , Zamora , Crescencio S\u00e1nchez ,<\/p>\n<p>Alberto Romero ; Morales . Reynoso , Benjam\u00edn Perrusqu\u00eda\u00a0 ( Villar )<\/p>\n<p>&nbsp;<\/p>\n<p>Entrenador :<\/p>\n<p>&nbsp;<\/p>\n<p>\u00c0rbitro : Jorge Narv\u00e1ez<\/p>\n<p>&nbsp;<\/p>\n<p>Archivosfutmex.com<\/p>\n<p>FACEBOOK : GUILLERMO GLORIA FONSECA<\/p>\n<p>&nbsp;<\/p>\n<p>&nbsp;<\/p>\n<p>&nbsp;<\/p>\n","protected":false},"excerpt":{"rendered":"<p>Primer Partido Oficial entre U de G y Atlante en su Historia. Jueves 5 de Septiembre de 1974\u00a0\u00a0\u00a0\u00a0\u00a0 Estadio Azteca Atlante &#8211; 2\u00a0\u00a0\u00a0\u00a0\u00a0\u00a0\u00a0\u00a0\u00a0\u00a0\u00a0\u00a0\u00a0\u00a0\u00a0\u00a0\u00a0\u00a0\u00a0\u00a0\u00a0\u00a0\u00a0\u00a0\u00a0\u00a0\u00a0\u00a0\u00a0\u00a0\u00a0\u00a0\u00a0\u00a0\u00a0\u00a0\u00a0\u00a0\u00a0 U de G \u2013 3 &nbsp; Morales (Atlante)\u00a0\u00a0\u00a0\u00a0\u00a0\u00a0\u00a0\u00a0\u00a0\u00a0\u00a0\u00a0\u00a0\u00a0\u00a0\u00a0\u00a0\u00a0\u00a0\u00a0\u00a0\u00a0\u00a0\u00a0\u00a0\u00a0\u00a0\u00a0\u00a0\u00a0\u00a0\u00a0\u00a0\u00a0\u00a0\u00a0\u00a0 Alberto \u201cToro\u201d G\u00f3mez Crescencio S\u00e1nchez (Atlante)\u00a0\u00a0\u00a0\u00a0\u00a0\u00a0\u00a0\u00a0\u00a0\u00a0\u00a0\u00a0\u00a0\u00a0\u00a0\u00a0\u00a0\u00a0\u00a0\u00a0\u00a0\u00a0\u00a0\u00a0\u00a0\u00a0\u00a0\u00a0 Carlos de Jes\u00f9s Eusebio (2) &nbsp; U de G: Arturo Rub\u00e9n V\u00e1zquez: \u00c1ngel Talavera , Jorge G\u00f3mez Orozco [&hellip;]<\/p>\n","protected":false},"author":2,"featured_media":0,"comment_status":"closed","ping_status":"closed","sticky":false,"template":"","format":"standard","meta":{"footnotes":""},"categories":[79],"tags":[],"class_list":["post-2844","post","type-post","status-publish","format-standard","hentry","category-leones-negros-de-la-universidad-de-guadalajara"],"_links":{"self":[{"href":"https:\/\/www.archivosfutmex.com\/wordpress\/wp-json\/wp\/v2\/posts\/2844","targetHints":{"allow":["GET"]}}],"collection":[{"href":"https:\/\/www.archivosfutmex.com\/wordpress\/wp-json\/wp\/v2\/posts"}],"about":[{"href":"https:\/\/www.archivosfutmex.com\/wordpress\/wp-json\/wp\/v2\/types\/post"}],"author":[{"embeddable":true,"href":"https:\/\/www.archivosfutmex.com\/wordpress\/wp-json\/wp\/v2\/users\/2"}],"replies":[{"embeddable":true,"href":"https:\/\/www.archivosfutmex.com\/wordpress\/wp-json\/wp\/v2\/comments?post=2844"}],"version-history":[{"count":0,"href":"https:\/\/www.archivosfutmex.com\/wordpress\/wp-json\/wp\/v2\/posts\/2844\/revisions"}],"wp:attachment":[{"href":"https:\/\/www.archivosfutmex.com\/wordpress\/wp-json\/wp\/v2\/media?parent=2844"}],"wp:term":[{"taxonomy":"category","embeddable":true,"href":"https:\/\/www.archivosfutmex.com\/wordpress\/wp-json\/wp\/v2\/categories?post=2844"},{"taxonomy":"post_tag","embeddable":true,"href":"https:\/\/www.archivosfutmex.com\/wordpress\/wp-json\/wp\/v2\/tags?post=2844"}],"curies":[{"name":"wp","href":"https:\/\/api.w.org\/{rel}","templated":true}]}}