{"id":2915,"date":"2018-04-24T05:44:06","date_gmt":"2018-04-24T10:44:06","guid":{"rendered":"http:\/\/www.archivosfutmex.com\/wordpress\/?p=2915"},"modified":"2018-04-24T05:44:06","modified_gmt":"2018-04-24T10:44:06","slug":"real-madrid-jugadores-del-real-madrid-que-despues-se-convirtieron-en-entrenadores-de-los-merengues-archivosfutmex-com","status":"publish","type":"post","link":"https:\/\/www.archivosfutmex.com\/wordpress\/archivos\/2915","title":{"rendered":"Real Madrid : Jugadores del Real Madrid que Despues se Convirtieron en Entrenadores de Los Merengues&#8230;.Archivosfutmex.com"},"content":{"rendered":"<p>Real Madrid Jugadores del Real Madrid que despu\u00e9s Fueron Entrenadores Merengues<\/p>\n<p>&nbsp;<\/p>\n<p>Jacinto Quincoces (Espa\u00f1ol)<\/p>\n<p>Miguel Mu\u00f1oz (Espa\u00f1ol)<\/p>\n<p>Luis Molowny (Espa\u00f1ol)<\/p>\n<p>Alfredo di Stefano (Argentino)<\/p>\n<p>Amancio Amaro \/ \u201cAmancio \u201c \/ Espa\u00f1ol)<\/p>\n<p>Leo Benhakker (Holand\u00e9s)<\/p>\n<p>Vicente del Bosque (Espa\u00f1ol)<br \/>\nJorge Valdano (Argentino)<\/p>\n<p>Jos\u00e9 Antonio Camacho<\/p>\n<p>Bernd Schuster (Alem\u00e1n)<\/p>\n<p>Zinedine Zidane (Franc\u00e9s)<\/p>\n<p>&nbsp;<\/p>\n<p>Archivosfutmex.com<\/p>\n<p>FACEBOOK : GUILLERMO GLORIA FONSECA<\/p>\n<p>&nbsp;<\/p>\n<p>&nbsp;<\/p>\n","protected":false},"excerpt":{"rendered":"<p>Real Madrid Jugadores del Real Madrid que despu\u00e9s Fueron Entrenadores Merengues &nbsp; Jacinto Quincoces (Espa\u00f1ol) Miguel Mu\u00f1oz (Espa\u00f1ol) Luis Molowny (Espa\u00f1ol) Alfredo di Stefano (Argentino) Amancio Amaro \/ \u201cAmancio \u201c \/ Espa\u00f1ol) Leo Benhakker (Holand\u00e9s) Vicente del Bosque (Espa\u00f1ol) Jorge Valdano (Argentino) Jos\u00e9 Antonio Camacho Bernd Schuster (Alem\u00e1n) Zinedine Zidane (Franc\u00e9s) &nbsp; Archivosfutmex.com FACEBOOK : [&hellip;]<\/p>\n","protected":false},"author":2,"featured_media":0,"comment_status":"closed","ping_status":"closed","sticky":false,"template":"","format":"standard","meta":{"footnotes":""},"categories":[99],"tags":[],"class_list":["post-2915","post","type-post","status-publish","format-standard","hentry","category-real-madrid"],"_links":{"self":[{"href":"https:\/\/www.archivosfutmex.com\/wordpress\/wp-json\/wp\/v2\/posts\/2915","targetHints":{"allow":["GET"]}}],"collection":[{"href":"https:\/\/www.archivosfutmex.com\/wordpress\/wp-json\/wp\/v2\/posts"}],"about":[{"href":"https:\/\/www.archivosfutmex.com\/wordpress\/wp-json\/wp\/v2\/types\/post"}],"author":[{"embeddable":true,"href":"https:\/\/www.archivosfutmex.com\/wordpress\/wp-json\/wp\/v2\/users\/2"}],"replies":[{"embeddable":true,"href":"https:\/\/www.archivosfutmex.com\/wordpress\/wp-json\/wp\/v2\/comments?post=2915"}],"version-history":[{"count":0,"href":"https:\/\/www.archivosfutmex.com\/wordpress\/wp-json\/wp\/v2\/posts\/2915\/revisions"}],"wp:attachment":[{"href":"https:\/\/www.archivosfutmex.com\/wordpress\/wp-json\/wp\/v2\/media?parent=2915"}],"wp:term":[{"taxonomy":"category","embeddable":true,"href":"https:\/\/www.archivosfutmex.com\/wordpress\/wp-json\/wp\/v2\/categories?post=2915"},{"taxonomy":"post_tag","embeddable":true,"href":"https:\/\/www.archivosfutmex.com\/wordpress\/wp-json\/wp\/v2\/tags?post=2915"}],"curies":[{"name":"wp","href":"https:\/\/api.w.org\/{rel}","templated":true}]}}