{"id":2978,"date":"2018-05-20T23:08:45","date_gmt":"2018-05-21T04:08:45","guid":{"rendered":"http:\/\/www.archivosfutmex.com\/wordpress\/?p=2978"},"modified":"2018-05-20T23:08:45","modified_gmt":"2018-05-21T04:08:45","slug":"seleccion-mexicana-todos-los-partidos-de-la-sel-mexicana-un-mes-antes-del-mundial-de-argentina-1978-archivosfutmex-com","status":"publish","type":"post","link":"https:\/\/www.archivosfutmex.com\/wordpress\/archivos\/2978","title":{"rendered":"Selecci\u00f3n Mexicana : Todos Los Partidos de La Sel: Mexicana un Mes Antes del Mundial de Argentina 1978&#8230;.Archivosfutmex.com"},"content":{"rendered":"<p>1978 (Jueves 1 Junio 1978 Inauguraci\u00f3n)<\/p>\n<p>Gira Europea<\/p>\n<p>Mi\u00e9rcoles 26 Abril 1978\u00a0\u00a0\u00a0\u00a0\u00a0\u00a0\u00a0\u00a0\u00a0\u00a0\u00a0\u00a0\u00a0\u00a0\u00a0\u00a0\u00a0 M\u00e9xico \u2013 0\u00a0 Espa\u00f1a \u2013 2 \u00a0Jugado en Granada<\/p>\n<p>Lunes 1 Mayo\u00a0\u00a0 \u00a0\u00a0\u00a0\u00a0\u00a0\u00a0\u00a0\u00a0\u00a0\u00a0\u00a0 M\u00e9xico \u2013 0 Stuttgart \u2013 0<\/p>\n<p>Mi\u00e9rcoles 3 Mayo \u00a0\u00a0\u00a0\u00a0\u00a0\u00a0\u00a0\u00a0\u00a0\u00a0\u00a0\u00a0\u00a0\u00a0\u00a0\u00a0\u00a0 M\u00e9xico \u2013 1 Finlandia \u2013 0\u00a0\u00a0 En Helsinki<\/p>\n<p>Hugo S\u00e1nchez<\/p>\n<p>&nbsp;<\/p>\n<p>Viernes 5 Mayo 1978\u00a0\u00a0\u00a0\u00a0\u00a0\u00a0\u00a0\u00a0\u00a0\u00a0\u00a0\u00a0 M\u00e9xico \u2013 2\u00a0\u00a0\u00a0\u00a0\u00a0\u00a0\u00a0\u00a0\u00a0\u00a0 Eintracht Fr\u00e1ncfort \u2013 2<\/p>\n<p>Leonardo Cu\u00e9llar \/ Antonio de la Torre<\/p>\n<p>&nbsp;<\/p>\n<p>Lunes 8 Mayo 1978\u00a0\u00a0\u00a0\u00a0\u00a0\u00a0\u00a0\u00a0\u00a0\u00a0\u00a0\u00a0\u00a0\u00a0 M\u00e9xico \u2013 3\u00a0\u00a0\u00a0\u00a0\u00a0\u00a0\u00a0\u00a0\u00a0\u00a0 VFL Bochum \u2013 2<\/p>\n<p>Guillermo Mendiz\u00e1bal \/ Javier C\u00e1rdenas \/ Arturo V\u00e1zquez Ayala (Penalti)<\/p>\n<p>&nbsp;<\/p>\n<p>Viernes D\u00eda 12 Mayo Jos\u00e9 L\u00f3pez Portillo Abandera a la Selecci\u00f3n<\/p>\n<p>&nbsp;<\/p>\n<p>Domingo 14 Mayo En el Coliseo Ol\u00edmpico de Los \u00c1ngeles<\/p>\n<p>M\u00e9xico\u00a0 &#8211; 3\u00a0\u00a0\u00a0\u00a0\u00a0\u00a0\u00a0\u00a0\u00a0\u00a0\u00a0\u00a0\u00a0\u00a0\u00a0\u00a0\u00a0\u00a0\u00a0 Stuttgart \u2013 1<\/p>\n<p>Ra\u00fal Isiordia \/ Enrique L\u00f3pez Zarza \/ Hugo Rodr\u00edguez<\/p>\n<p>&nbsp;<\/p>\n<p>En Sudam\u00e9rica<\/p>\n<p>Domingo 21 Mayo 1978\u00a0\u00a0\u00a0\u00a0\u00a0\u00a0\u00a0\u00a0\u00a0\u00a0\u00a0\u00a0\u00a0\u00a0\u00a0\u00a0\u00a0 En Porto Alegre , Brasil<\/p>\n<p>M\u00e9xico \u2013 1\u00a0\u00a0\u00a0\u00a0\u00a0\u00a0\u00a0\u00a0\u00a0\u00a0\u00a0\u00a0\u00a0\u00a0\u00a0\u00a0\u00a0\u00a0\u00a0 Selecci\u00f3n Ga\u00facha \u2013 1<\/p>\n<p>Hugo S\u00e1nchez<\/p>\n<p>&nbsp;<\/p>\n<p>Martes 23 Mayo 1978\u00a0\u00a0\u00a0\u00a0\u00a0\u00a0\u00a0\u00a0\u00a0\u00a0\u00a0 En Caixas<\/p>\n<p>M\u00e9xico \u2013 1\u00a0\u00a0\u00a0\u00a0\u00a0\u00a0\u00a0\u00a0\u00a0\u00a0 Sierra Caxias \u2013 1<\/p>\n<p>V\u00edctor Rangel<\/p>\n<p>&nbsp;<\/p>\n<p>Domingo 28 Mayo 1978\u00a0\u00a0\u00a0\u00a0\u00a0\u00a0\u00a0\u00a0\u00a0\u00a0\u00a0\u00a0\u00a0\u00a0\u00a0\u00a0\u00a0 En Rosario<\/p>\n<p>M\u00e9xico \u2013 6\u00a0\u00a0\u00a0\u00a0\u00a0\u00a0\u00a0\u00a0\u00a0\u00a0\u00a0\u00a0\u00a0\u00a0\u00a0\u00a0\u00a0\u00a0\u00a0 Renato Cesarini \u2013 0<\/p>\n<p>Gerardo Lugo (2)<\/p>\n<p>Hugo Rodr\u00edguez (2)<\/p>\n<p>Arturo V\u00e1zquez Ayala<\/p>\n<p>Mario Medina<\/p>\n<p>&nbsp;<\/p>\n<p>Martes 30 Mayo 1978\u00a0\u00a0\u00a0\u00a0\u00a0\u00a0\u00a0\u00a0\u00a0\u00a0\u00a0 En Rosario<\/p>\n<p>M\u00e9xico \u2013 2\u00a0\u00a0\u00a0\u00a0\u00a0\u00a0\u00a0\u00a0\u00a0\u00a0\u00a0\u00a0\u00a0\u00a0\u00a0\u00a0\u00a0\u00a0\u00a0 Combinado de Rosario Central \u2013 0<\/p>\n<p>Hugo S\u00e1nchez<\/p>\n<p>Gerardo Lugo<\/p>\n<p>&nbsp;<\/p>\n<p>Archivosfutmex.com<\/p>\n<p>FACEBOOK : GUILLERMO GLORIA FONSECA<\/p>\n<p>E- MAIL : <a href=\"mailto:brasilmemo42@gmail.com\">brasilmemo42@gmail.com<\/a><\/p>\n<p>&nbsp;<\/p>\n<p>&nbsp;<\/p>\n<p>&nbsp;<\/p>\n<p>&nbsp;<\/p>\n","protected":false},"excerpt":{"rendered":"<p>1978 (Jueves 1 Junio 1978 Inauguraci\u00f3n) Gira Europea Mi\u00e9rcoles 26 Abril 1978\u00a0\u00a0\u00a0\u00a0\u00a0\u00a0\u00a0\u00a0\u00a0\u00a0\u00a0\u00a0\u00a0\u00a0\u00a0\u00a0\u00a0 M\u00e9xico \u2013 0\u00a0 Espa\u00f1a \u2013 2 \u00a0Jugado en Granada Lunes 1 Mayo\u00a0\u00a0 \u00a0\u00a0\u00a0\u00a0\u00a0\u00a0\u00a0\u00a0\u00a0\u00a0\u00a0 M\u00e9xico \u2013 0 Stuttgart \u2013 0 Mi\u00e9rcoles 3 Mayo \u00a0\u00a0\u00a0\u00a0\u00a0\u00a0\u00a0\u00a0\u00a0\u00a0\u00a0\u00a0\u00a0\u00a0\u00a0\u00a0\u00a0 M\u00e9xico \u2013 1 Finlandia \u2013 0\u00a0\u00a0 En Helsinki Hugo S\u00e1nchez &nbsp; Viernes 5 Mayo 1978\u00a0\u00a0\u00a0\u00a0\u00a0\u00a0\u00a0\u00a0\u00a0\u00a0\u00a0\u00a0 M\u00e9xico \u2013 2\u00a0\u00a0\u00a0\u00a0\u00a0\u00a0\u00a0\u00a0\u00a0\u00a0 Eintracht Fr\u00e1ncfort [&hellip;]<\/p>\n","protected":false},"author":2,"featured_media":0,"comment_status":"closed","ping_status":"closed","sticky":false,"template":"","format":"standard","meta":{"footnotes":""},"categories":[9],"tags":[],"class_list":["post-2978","post","type-post","status-publish","format-standard","hentry","category-seleccion"],"_links":{"self":[{"href":"https:\/\/www.archivosfutmex.com\/wordpress\/wp-json\/wp\/v2\/posts\/2978","targetHints":{"allow":["GET"]}}],"collection":[{"href":"https:\/\/www.archivosfutmex.com\/wordpress\/wp-json\/wp\/v2\/posts"}],"about":[{"href":"https:\/\/www.archivosfutmex.com\/wordpress\/wp-json\/wp\/v2\/types\/post"}],"author":[{"embeddable":true,"href":"https:\/\/www.archivosfutmex.com\/wordpress\/wp-json\/wp\/v2\/users\/2"}],"replies":[{"embeddable":true,"href":"https:\/\/www.archivosfutmex.com\/wordpress\/wp-json\/wp\/v2\/comments?post=2978"}],"version-history":[{"count":0,"href":"https:\/\/www.archivosfutmex.com\/wordpress\/wp-json\/wp\/v2\/posts\/2978\/revisions"}],"wp:attachment":[{"href":"https:\/\/www.archivosfutmex.com\/wordpress\/wp-json\/wp\/v2\/media?parent=2978"}],"wp:term":[{"taxonomy":"category","embeddable":true,"href":"https:\/\/www.archivosfutmex.com\/wordpress\/wp-json\/wp\/v2\/categories?post=2978"},{"taxonomy":"post_tag","embeddable":true,"href":"https:\/\/www.archivosfutmex.com\/wordpress\/wp-json\/wp\/v2\/tags?post=2978"}],"curies":[{"name":"wp","href":"https:\/\/api.w.org\/{rel}","templated":true}]}}