{"id":2982,"date":"2018-05-20T23:27:28","date_gmt":"2018-05-21T04:27:28","guid":{"rendered":"http:\/\/www.archivosfutmex.com\/wordpress\/?p=2982"},"modified":"2018-05-20T23:27:28","modified_gmt":"2018-05-21T04:27:28","slug":"seleccion-mexicana-partidos-de-la-seleccion-mexicana-un-mes-antes-del-mundial-de-estados-unidos-1994-archivosfutmex-com","status":"publish","type":"post","link":"https:\/\/www.archivosfutmex.com\/wordpress\/archivos\/2982","title":{"rendered":"Selecci\u00f3n Mexicana : Partidos de La Selecci\u00f3n Mexicana Un Mes Antes del Mundial de Estados Unidos 1994&#8230;.Archivosfutmex.com"},"content":{"rendered":"<p>Estados Unidos 1994 ( 17 Junio Inauguraci\u00f3n \u00a0)<\/p>\n<p>Jueves 19 de Mayo 1994\u00a0\u00a0\u00a0\u00a0\u00a0\u00a0\u00a0\u00a0\u00a0\u00a0\u00a0\u00a0\u00a0\u00a0\u00a0\u00a0 Ciudad de M\u00e9xico\u00a0\u00a0\u00a0\u00a0\u00a0\u00a0\u00a0\u00a0 ( Club Am\u00e9rica)<\/p>\n<p>M\u00e9xico \u2013 4\u00a0\u00a0\u00a0\u00a0\u00a0\u00a0\u00a0\u00a0\u00a0\u00a0\u00a0\u00a0\u00a0\u00a0\u00a0\u00a0\u00a0\u00a0\u00a0 Irapuato de Segunda Divisi\u00f3n \u2013 1<\/p>\n<p>Jorge Rodr\u00edguez\u00a0\u00a0\u00a0\u00a0\u00a0\u00a0\u00a0\u00a0\u00a0\u00a0\u00a0\u00a0\u00a0\u00a0\u00a0\u00a0\u00a0\u00a0\u00a0\u00a0\u00a0 Carlos Bustos<\/p>\n<p>Luis Garc\u00eda<\/p>\n<p>Carlos Hermosillo<\/p>\n<p>Luis Antonio Valdez<\/p>\n<p>&nbsp;<\/p>\n<p>Martes 24 \u00a0de Mayo 1994\u00a0\u00a0\u00a0\u00a0\u00a0\u00a0\u00a0\u00a0\u00a0\u00a0\u00a0\u00a0\u00a0\u00a0\u00a0\u00a0\u00a0\u00a0\u00a0\u00a0\u00a0\u00a0\u00a0\u00a0 Ciudad de M\u00e9xico (Club Am\u00e9rica)<\/p>\n<p>M\u00e9xico \u2013 7\u00a0\u00a0\u00a0\u00a0\u00a0\u00a0\u00a0\u00a0\u00a0\u00a0 \u00a0\u00a0\u00a0\u00a0\u00a0\u00a0\u00a0\u00a0 Monterrey de Tercera Divisi\u00f3n \u2013 1<\/p>\n<p>Ram\u00f3n Ram\u00edrez\u00a0\u00a0\u00a0\u00a0\u00a0\u00a0\u00a0\u00a0\u00a0\u00a0\u00a0\u00a0\u00a0\u00a0\u00a0\u00a0\u00a0\u00a0\u00a0\u00a0\u00a0\u00a0\u00a0\u00a0\u00a0\u00a0\u00a0\u00a0\u00a0\u00a0 Ra\u00fal Chabrand<\/p>\n<p>Luis Roberto Alves \u201c Zague\u201d<\/p>\n<p>Juan Carlos Ch\u00e1vez<\/p>\n<p>Luis Garc\u00eda<\/p>\n<p>Luis Antonio \u201c Cad\u00e1ver\u201d Valdez (2)<\/p>\n<p>Carlos Hermosillo<\/p>\n<p>&nbsp;<\/p>\n<p>Jueves 26 de Mayo\u00a0\u00a0\u00a0\u00a0\u00a0\u00a0\u00a0\u00a0\u00a0\u00a0\u00a0\u00a0\u00a0\u00a0\u00a0\u00a0 Ciudad de M\u00e9xico\u00a0\u00a0 (Club Am\u00e9rica)<\/p>\n<p>M\u00e9xico \u2013 7\u00a0\u00a0\u00a0\u00a0\u00a0\u00a0\u00a0\u00a0\u00a0\u00a0\u00a0\u00a0\u00a0\u00a0\u00a0\u00a0\u00a0\u00a0\u00a0 Marte \u2013 Morelos \u2013 0<\/p>\n<p>Luis Garc\u00eda (2)<\/p>\n<p>Luis Miguel Salvador<\/p>\n<p>Luis Roberto Alves \u201c Zague\u201d<\/p>\n<p>Luis Antonio \u201c Cad\u00e1ver\u201d Valdez<\/p>\n<p>Carlos Hermosillo<\/p>\n<p>Benjam\u00edn Galindo<\/p>\n<p>&nbsp;<\/p>\n<p>Domingo 29 Mayo 1994\u00a0\u00a0\u00a0\u00a0\u00a0\u00a0\u00a0\u00a0\u00a0\u00a0\u00a0\u00a0\u00a0\u00a0\u00a0\u00a0\u00a0 Estadio Azteca<\/p>\n<p>Partido de Despedida<\/p>\n<p>M\u00e9xico \u2013 2\u00a0\u00a0\u00a0\u00a0\u00a0\u00a0\u00a0\u00a0\u00a0\u00a0\u00a0\u00a0\u00a0\u00a0\u00a0\u00a0\u00a0\u00a0\u00a0\u00a0\u00a0\u00a0\u00a0\u00a0\u00a0\u00a0\u00a0\u00a0 Ajax de Holanda \u2013 1<\/p>\n<p>Juan Carlos Ch\u00e1vez\u00a0\u00a0\u00a0\u00a0\u00a0\u00a0\u00a0\u00a0\u00a0\u00a0\u00a0\u00a0\u00a0\u00a0\u00a0\u00a0\u00a0\u00a0\u00a0\u00a0\u00a0\u00a0\u00a0\u00a0 Dan Peterson (Penalti)<\/p>\n<p>Carlos Hermosillo<\/p>\n<p>&nbsp;<\/p>\n<p>Martes 31 de Mayo 1994<\/p>\n<p>Carlos Salinas Abandera la Selecci\u00f3n Nacional<br \/>\nS\u00e1bado 4 Junio 1994\u00a0\u00a0\u00a0\u00a0\u00a0\u00a0\u00a0\u00a0\u00a0\u00a0\u00a0\u00a0\u00a0 Pasadena\u00a0 \/ Rose Bowl<\/p>\n<p>Estados Unidos \u2013 1\u00a0\u00a0\u00a0\u00a0\u00a0\u00a0\u00a0\u00a0\u00a0\u00a0\u00a0\u00a0\u00a0\u00a0\u00a0 M\u00e9xico \u2013 0<\/p>\n<p>&nbsp;<\/p>\n<p>Entrenador de M\u00e9xico: Miguel Mej\u00eda Bar\u00f3n<\/p>\n<p>Entrenador de Estados Unidos: Bora Milutinovic<\/p>\n<p>&nbsp;<\/p>\n<p>S\u00e1bado 11 de Junio 1994\u00a0\u00a0\u00a0\u00a0\u00a0\u00a0\u00a0\u00a0\u00a0\u00a0\u00a0\u00a0\u00a0\u00a0\u00a0 Miami \/ Orange Bowl<\/p>\n<p>M\u00e9xico &#8211; 3\u00a0\u00a0\u00a0\u00a0\u00a0\u00a0\u00a0\u00a0\u00a0\u00a0\u00a0\u00a0\u00a0\u00a0\u00a0\u00a0\u00a0\u00a0\u00a0\u00a0 Irlanda del Norte \u2013 0<\/p>\n<p>Luis Garc\u00eda (2)<\/p>\n<p>Carlos Hermosillo<\/p>\n<p>&nbsp;<\/p>\n<p>Archivosfutmex.com<\/p>\n<p>FACEBOOK : GUILLERMO GLORIA FONSECA<\/p>\n<p>E- MAIL : <a href=\"mailto:brasilmemo42@gmail.com\">brasilmemo42@gmail.com<\/a><\/p>\n<p>&nbsp;<\/p>\n<p>&nbsp;<\/p>\n<p>&nbsp;<\/p>\n<p>&nbsp;<\/p>\n<p>&nbsp;<\/p>\n","protected":false},"excerpt":{"rendered":"<p>Estados Unidos 1994 ( 17 Junio Inauguraci\u00f3n \u00a0) Jueves 19 de Mayo 1994\u00a0\u00a0\u00a0\u00a0\u00a0\u00a0\u00a0\u00a0\u00a0\u00a0\u00a0\u00a0\u00a0\u00a0\u00a0\u00a0 Ciudad de M\u00e9xico\u00a0\u00a0\u00a0\u00a0\u00a0\u00a0\u00a0\u00a0 ( Club Am\u00e9rica) M\u00e9xico \u2013 4\u00a0\u00a0\u00a0\u00a0\u00a0\u00a0\u00a0\u00a0\u00a0\u00a0\u00a0\u00a0\u00a0\u00a0\u00a0\u00a0\u00a0\u00a0\u00a0 Irapuato de Segunda Divisi\u00f3n \u2013 1 Jorge Rodr\u00edguez\u00a0\u00a0\u00a0\u00a0\u00a0\u00a0\u00a0\u00a0\u00a0\u00a0\u00a0\u00a0\u00a0\u00a0\u00a0\u00a0\u00a0\u00a0\u00a0\u00a0\u00a0 Carlos Bustos Luis Garc\u00eda Carlos Hermosillo Luis Antonio Valdez &nbsp; Martes 24 \u00a0de Mayo 1994\u00a0\u00a0\u00a0\u00a0\u00a0\u00a0\u00a0\u00a0\u00a0\u00a0\u00a0\u00a0\u00a0\u00a0\u00a0\u00a0\u00a0\u00a0\u00a0\u00a0\u00a0\u00a0\u00a0\u00a0 Ciudad de M\u00e9xico (Club Am\u00e9rica) M\u00e9xico \u2013 7\u00a0\u00a0\u00a0\u00a0\u00a0\u00a0\u00a0\u00a0\u00a0\u00a0 \u00a0\u00a0\u00a0\u00a0\u00a0\u00a0\u00a0\u00a0 Monterrey [&hellip;]<\/p>\n","protected":false},"author":2,"featured_media":0,"comment_status":"closed","ping_status":"closed","sticky":false,"template":"","format":"standard","meta":{"footnotes":""},"categories":[9],"tags":[],"class_list":["post-2982","post","type-post","status-publish","format-standard","hentry","category-seleccion"],"_links":{"self":[{"href":"https:\/\/www.archivosfutmex.com\/wordpress\/wp-json\/wp\/v2\/posts\/2982","targetHints":{"allow":["GET"]}}],"collection":[{"href":"https:\/\/www.archivosfutmex.com\/wordpress\/wp-json\/wp\/v2\/posts"}],"about":[{"href":"https:\/\/www.archivosfutmex.com\/wordpress\/wp-json\/wp\/v2\/types\/post"}],"author":[{"embeddable":true,"href":"https:\/\/www.archivosfutmex.com\/wordpress\/wp-json\/wp\/v2\/users\/2"}],"replies":[{"embeddable":true,"href":"https:\/\/www.archivosfutmex.com\/wordpress\/wp-json\/wp\/v2\/comments?post=2982"}],"version-history":[{"count":0,"href":"https:\/\/www.archivosfutmex.com\/wordpress\/wp-json\/wp\/v2\/posts\/2982\/revisions"}],"wp:attachment":[{"href":"https:\/\/www.archivosfutmex.com\/wordpress\/wp-json\/wp\/v2\/media?parent=2982"}],"wp:term":[{"taxonomy":"category","embeddable":true,"href":"https:\/\/www.archivosfutmex.com\/wordpress\/wp-json\/wp\/v2\/categories?post=2982"},{"taxonomy":"post_tag","embeddable":true,"href":"https:\/\/www.archivosfutmex.com\/wordpress\/wp-json\/wp\/v2\/tags?post=2982"}],"curies":[{"name":"wp","href":"https:\/\/api.w.org\/{rel}","templated":true}]}}