{"id":2984,"date":"2018-05-22T23:24:26","date_gmt":"2018-05-23T04:24:26","guid":{"rendered":"http:\/\/www.archivosfutmex.com\/wordpress\/?p=2984"},"modified":"2018-05-22T23:24:26","modified_gmt":"2018-05-23T04:24:26","slug":"seleccion-mexicana-todos-los-partidos-de-la-seleccion-un-mes-antes-de-francia-1998-archivosfutmex-com","status":"publish","type":"post","link":"https:\/\/www.archivosfutmex.com\/wordpress\/archivos\/2984","title":{"rendered":"Selecci\u00f3n Mexicana : Todos Los Partidos de la Selecci\u00f3n UN Mes Antes de Francia 1998&#8230;.Archivosfutmex.com"},"content":{"rendered":"<p>FRANCIA 1998 ( 10 de Junio ) Entrenador Manuel Lapuente<\/p>\n<p>Jueves 7 Mayo 1998\u00a0 \u00a0\u00a0\u00a0\u00a0\u00a0\u00a0\u00a0\u00a0\u00a0\u00a0\u00a0 Estadio\u00a0 Renato Dall Ara<\/p>\n<p>Bolonia \u2013 1\u00a0\u00a0\u00a0\u00a0\u00a0\u00a0\u00a0\u00a0\u00a0\u00a0\u00a0\u00a0\u00a0\u00a0\u00a0\u00a0\u00a0\u00a0 M\u00e9xico \u2013 0<\/p>\n<p>&nbsp;<\/p>\n<p>Viernes 9 de Mayo 1998\u00a0\u00a0\u00a0\u00a0\u00a0\u00a0\u00a0\u00a0\u00a0\u00a0\u00a0\u00a0\u00a0\u00a0\u00a0\u00a0\u00a0 Estadio Enzo Mazotti<\/p>\n<p>M\u00e9xico \u2013 6\u00a0\u00a0\u00a0\u00a0\u00a0\u00a0\u00a0\u00a0\u00a0\u00a0\u00a0\u00a0\u00a0\u00a0\u00a0\u00a0\u00a0\u00a0\u00a0 Estonia \u2013 0<\/p>\n<p>Alberto Garc\u00eda Aspe (Penalti)<\/p>\n<p>Luis Hern\u00e1ndez (3)<\/p>\n<p>Jaime Ordiales (2)<\/p>\n<p>&nbsp;<\/p>\n<p>Mi\u00e9rcoles 13\u00a0 Mayo 1998<\/p>\n<p>Venecia \u2013 0\u00a0\u00a0\u00a0\u00a0\u00a0\u00a0\u00a0\u00a0\u00a0\u00a0\u00a0\u00a0\u00a0\u00a0\u00a0\u00a0\u00a0\u00a0\u00a0\u00a0\u00a0\u00a0\u00a0\u00a0\u00a0\u00a0\u00a0\u00a0 M\u00e9xico \u2013 1<\/p>\n<p>Alberto Garc\u00eda Aspe<br \/>\nS\u00e1bado 16 Mayo 1998\u00a0\u00a0\u00a0\u00a0\u00a0\u00a0\u00a0\u00a0\u00a0\u00a0 Estadio Enzo Mazotti\u00a0\u00a0 Montecatini<\/p>\n<p>M\u00e9xico \u2013 0\u00a0\u00a0\u00a0\u00a0\u00a0\u00a0\u00a0\u00a0\u00a0\u00a0\u00a0\u00a0\u00a0\u00a0\u00a0\u00a0\u00a0\u00a0\u00a0 Steaua de Bucarest \u2013 0<\/p>\n<p>&nbsp;<\/p>\n<p>&nbsp;<\/p>\n<p>Mi\u00e9rcoles 20 Mayo 1998\u00a0\u00a0\u00a0\u00a0\u00a0\u00a0\u00a0\u00a0\u00a0\u00a0\u00a0\u00a0\u00a0\u00a0\u00a0\u00a0 Estadio Bislett<\/p>\n<p>Noruega \u2013 5\u00a0\u00a0\u00a0\u00a0\u00a0\u00a0\u00a0\u00a0\u00a0\u00a0\u00a0\u00a0\u00a0\u00a0\u00a0\u00a0\u00a0\u00a0\u00a0\u00a0\u00a0\u00a0\u00a0\u00a0\u00a0\u00a0\u00a0\u00a0\u00a0\u00a0\u00a0\u00a0\u00a0\u00a0\u00a0\u00a0 M\u00e9xico \u2013 2<\/p>\n<p>Ricardo Pel\u00e1ez (2)<\/p>\n<p>&nbsp;<\/p>\n<p>S\u00e1bado 23 de Mayo\u00a0\u00a0\u00a0\u00a0\u00a0 Estadio Londs Road \u00a0\u00a0\u00a0 Dubl\u00edn<\/p>\n<p>&nbsp;<\/p>\n<p>Irlanda &#8211; 0 \u00a0\u00a0\u00a0\u00a0\u00a0\u00a0\u00a0\u00a0\u00a0\u00a0\u00a0\u00a0\u00a0\u00a0\u00a0\u00a0\u00a0\u00a0\u00a0\u00a0\u00a0\u00a0\u00a0\u00a0\u00a0\u00a0\u00a0\u00a0\u00a0 M\u00e9xico \u2013 0<\/p>\n<p>&nbsp;<\/p>\n<p>Mi\u00e9rcoles 27 Mayo 1998\u00a0\u00a0\u00a0\u00a0\u00a0\u00a0\u00a0\u00a0\u00a0\u00a0\u00a0\u00a0\u00a0\u00a0\u00a0\u00a0 Wolfsburg, Alemania<\/p>\n<p>VFL Wolfsburg \u00a0\u2013 4\u00a0\u00a0\u00a0\u00a0\u00a0\u00a0\u00a0\u00a0\u00a0\u00a0\u00a0\u00a0\u00a0\u00a0\u00a0\u00a0\u00a0\u00a0\u00a0\u00a0\u00a0\u00a0\u00a0\u00a0 M\u00e9xico \u2013 1<\/p>\n<p>Luis Garc\u00eda<\/p>\n<p>A Los 49\u00a0 Jorge Campos detuvo un Penalti.<\/p>\n<p>&nbsp;<\/p>\n<p>&nbsp;<\/p>\n<p>Domingo 31 de Mayo 1998 Estadio Ol\u00edmpico\u00a0 Lausana, Suiza\u00a0\u00a0 ( A Puerta Cerrada )<\/p>\n<p>M\u00e9xico \u2013 2\u00a0\u00a0\u00a0\u00a0\u00a0\u00a0\u00a0\u00a0\u00a0\u00a0\u00a0\u00a0\u00a0\u00a0\u00a0\u00a0\u00a0\u00a0\u00a0 Jap\u00f3n \u2013 1<\/p>\n<p>Luis Garc\u00eda \/<\/p>\n<p>Alberto Garc\u00eda Aspe (Penal)<\/p>\n<p>&nbsp;<\/p>\n<p>Martes 2 Junio 1998<\/p>\n<p>Paulo\u00a0 C\u00e9sar \u201c Til\u00f3n\u201d Ch\u00e1vez y David Oteo Fuera de La Selecci\u00f3n<\/p>\n<p>&nbsp;<\/p>\n<p>Mi\u00e9rcoles 3 Junio 1998\u00a0\u00a0\u00a0\u00a0\u00a0\u00a0\u00a0\u00a0\u00a0 Duvauchelli<\/p>\n<p>M\u00e9xico &#8211; 0\u00a0\u00a0\u00a0\u00a0\u00a0\u00a0\u00a0\u00a0\u00a0\u00a0\u00a0\u00a0\u00a0\u00a0\u00a0\u00a0\u00a0\u00a0\u00a0\u00a0 Arabia Saudita \u2013 0<\/p>\n<p>&nbsp;<\/p>\n<p>&nbsp;<\/p>\n<p>Archivosfutmex.com<\/p>\n<p>FACEBOOK: GUILLERMO GLORIA FONSECA<\/p>\n<p>E \u2013 MAIL: <a href=\"mailto:brasilmemo42@gmail.com\">brasilmemo42@gmail.com<\/a><\/p>\n<p>&nbsp;<\/p>\n","protected":false},"excerpt":{"rendered":"<p>FRANCIA 1998 ( 10 de Junio ) Entrenador Manuel Lapuente Jueves 7 Mayo 1998\u00a0 \u00a0\u00a0\u00a0\u00a0\u00a0\u00a0\u00a0\u00a0\u00a0\u00a0\u00a0 Estadio\u00a0 Renato Dall Ara Bolonia \u2013 1\u00a0\u00a0\u00a0\u00a0\u00a0\u00a0\u00a0\u00a0\u00a0\u00a0\u00a0\u00a0\u00a0\u00a0\u00a0\u00a0\u00a0\u00a0 M\u00e9xico \u2013 0 &nbsp; Viernes 9 de Mayo 1998\u00a0\u00a0\u00a0\u00a0\u00a0\u00a0\u00a0\u00a0\u00a0\u00a0\u00a0\u00a0\u00a0\u00a0\u00a0\u00a0\u00a0 Estadio Enzo Mazotti M\u00e9xico \u2013 6\u00a0\u00a0\u00a0\u00a0\u00a0\u00a0\u00a0\u00a0\u00a0\u00a0\u00a0\u00a0\u00a0\u00a0\u00a0\u00a0\u00a0\u00a0\u00a0 Estonia \u2013 0 Alberto Garc\u00eda Aspe (Penalti) Luis Hern\u00e1ndez (3) Jaime Ordiales (2) &nbsp; Mi\u00e9rcoles 13\u00a0 Mayo 1998 [&hellip;]<\/p>\n","protected":false},"author":2,"featured_media":0,"comment_status":"closed","ping_status":"closed","sticky":false,"template":"","format":"standard","meta":{"footnotes":""},"categories":[9],"tags":[],"class_list":["post-2984","post","type-post","status-publish","format-standard","hentry","category-seleccion"],"_links":{"self":[{"href":"https:\/\/www.archivosfutmex.com\/wordpress\/wp-json\/wp\/v2\/posts\/2984","targetHints":{"allow":["GET"]}}],"collection":[{"href":"https:\/\/www.archivosfutmex.com\/wordpress\/wp-json\/wp\/v2\/posts"}],"about":[{"href":"https:\/\/www.archivosfutmex.com\/wordpress\/wp-json\/wp\/v2\/types\/post"}],"author":[{"embeddable":true,"href":"https:\/\/www.archivosfutmex.com\/wordpress\/wp-json\/wp\/v2\/users\/2"}],"replies":[{"embeddable":true,"href":"https:\/\/www.archivosfutmex.com\/wordpress\/wp-json\/wp\/v2\/comments?post=2984"}],"version-history":[{"count":0,"href":"https:\/\/www.archivosfutmex.com\/wordpress\/wp-json\/wp\/v2\/posts\/2984\/revisions"}],"wp:attachment":[{"href":"https:\/\/www.archivosfutmex.com\/wordpress\/wp-json\/wp\/v2\/media?parent=2984"}],"wp:term":[{"taxonomy":"category","embeddable":true,"href":"https:\/\/www.archivosfutmex.com\/wordpress\/wp-json\/wp\/v2\/categories?post=2984"},{"taxonomy":"post_tag","embeddable":true,"href":"https:\/\/www.archivosfutmex.com\/wordpress\/wp-json\/wp\/v2\/tags?post=2984"}],"curies":[{"name":"wp","href":"https:\/\/api.w.org\/{rel}","templated":true}]}}