{"id":3039,"date":"2018-06-03T20:26:30","date_gmt":"2018-06-04T01:26:30","guid":{"rendered":"http:\/\/www.archivosfutmex.com\/wordpress\/?p=3039"},"modified":"2018-06-03T20:26:30","modified_gmt":"2018-06-04T01:26:30","slug":"chivas-todos-los-del-club-guadalajara-utilizados-por-matias-almeyda-del-20-de-septiembre-al-28-de-abril-de-2018-145-partidos-oficiales-archivosfutmex-com","status":"publish","type":"post","link":"https:\/\/www.archivosfutmex.com\/wordpress\/archivos\/3039","title":{"rendered":"Chivas : Todos los del Club Guadalajara utilizados Por Mat\u00edas Almeyda del 20 de Septiembre al 28 de Abril de 2018.. ( 145 Partidos Oficiales)&#8230;.Archivosfutmex.com"},"content":{"rendered":"<p>Todos los Jugadores Utilizados Por Mat\u00edas Almeyda desde el 20 de Septiembre 2015<\/p>\n<p>al 28 de Abril de 2018. ( 145 Partidos Oficiales)<\/p>\n<p>&nbsp;<\/p>\n<p>&nbsp;<\/p>\n<p>&nbsp;<\/p>\n<p>Antonio Rodr\u00edguez<\/p>\n<p>Miguel Ponce<\/p>\n<p>Oswaldo Alan\u00eds<\/p>\n<p>Carlos Salcedo<\/p>\n<p>Ra\u00fal L\u00f3pez<\/p>\n<p>Marco Fabi\u00e1n<\/p>\n<p>Jorge \u201cChat\u00f3n\u201d Enr\u00edquez<\/p>\n<p>Michael P\u00e9rez<\/p>\n<p>David Ram\u00edrez<\/p>\n<p>Carlos Fierro\u00a0\u00a0\u00a0\u00a0\u00a0\u00a0\u00a0\u00a0\u00a0\u00a0\u00a0\u00a0\u00a0\u00a0\u00a0\u00a0\u00a0\u00a0\u00a0\u00a0\u00a0\u00a0\u00a0\u00a0\u00a0 (10)<\/p>\n<p>Omar Bravo<\/p>\n<p>Carlos Salcido<\/p>\n<p>Israel Castro<\/p>\n<p>Edwin Hern\u00e1ndez<\/p>\n<p>&nbsp;<\/p>\n<p>&nbsp;<\/p>\n<p>Rodolfo Cota<\/p>\n<p>Hedgardo Mar\u00edn<\/p>\n<p>Jair Pereira<\/p>\n<p>Carlos Villanueva<\/p>\n<p>Issac Brizuela<\/p>\n<p>Carlos Cisneros\u00a0\u00a0\u00a0\u00a0\u00a0\u00a0\u00a0\u00a0\u00a0\u00a0\u00a0\u00a0\u00a0\u00a0\u00a0\u00a0\u00a0\u00a0\u00a0\u00a0\u00a0 (20)<\/p>\n<p>\u00c1ngel Zald\u00edvar<\/p>\n<p>&nbsp;<\/p>\n<p>Eduardo \u201cChofis\u201d L\u00f3pez<\/p>\n<p>&nbsp;<\/p>\n<p>Miguel\u00a0 Basulto<\/p>\n<p>&nbsp;<\/p>\n<p>Jes\u00fas S\u00e1nchez<\/p>\n<p>&nbsp;<\/p>\n<p>&nbsp;<\/p>\n<p>Michael V\u00e1zquez<\/p>\n<p>&nbsp;<\/p>\n<p>Orbel\u00edn Pineda<\/p>\n<p>Carlos Pe\u00f1a<\/p>\n<p>&nbsp;<\/p>\n<p>Marco Granados<\/p>\n<p>Giovanni Hern\u00e1ndez<\/p>\n<p>&nbsp;<\/p>\n<p>Miguel Jim\u00e9nez (Portero) (DEBUT)\u00a0\u00a0\u00a0\u00a0\u00a0\u00a0\u00a0\u00a0\u00a0\u00a0\u00a0\u00a0\u00a0\u00a0\u00a0\u00a0\u00a0\u00a0 (30)<\/p>\n<p>&nbsp;<\/p>\n<p>Juan Jos\u00e9\u00a0 \u201c Gallito\u201d V\u00e1zquez<\/p>\n<p>&nbsp;<\/p>\n<p>Marco Antonio Bueno<\/p>\n<p>N\u00e9stor Calder\u00f3n<\/p>\n<p>&nbsp;<\/p>\n<p>Josu\u00e9 L\u00e1zaro ******<\/p>\n<p>Edson Torres<\/p>\n<p>&nbsp;<\/p>\n<p>Alejandro Zendejas<\/p>\n<p>&nbsp;<\/p>\n<p>&nbsp;<\/p>\n<p>Michelle Ben\u00edtez ********<\/p>\n<p>&nbsp;<\/p>\n<p>Alan Pulido (Entr\u00f3 de Cambio) Debut\u00f3 Oficial<\/p>\n<p>&nbsp;<\/p>\n<p>Rodolfo Pizarro<\/p>\n<p>Guillermo Mart\u00ednez\u00a0\u00a0\u00a0\u00a0\u00a0\u00a0\u00a0\u00a0\u00a0\u00a0\u00a0\u00a0\u00a0\u00a0\u00a0\u00a0\u00a0\u00a0\u00a0\u00a0\u00a0\u00a0\u00a0\u00a0\u00a0\u00a0\u00a0\u00a0\u00a0\u00a0\u00a0\u00a0\u00a0\u00a0 (40)<\/p>\n<p>&nbsp;<\/p>\n<p>Mauro Contreras<\/p>\n<p>&nbsp;<\/p>\n<p>Jos\u00e9 de Jes\u00fas God\u00ednez (DEBUT)\u00a0\u00a0 (42)<\/p>\n<p>&nbsp;<\/p>\n<p>Fernando Beltr\u00e1n\u00a0 (43)<\/p>\n<p>&nbsp;<\/p>\n<p>Diego Cort\u00e9s (44)<\/p>\n<p>Carlos Zamora (45)<\/p>\n<p>Kevin Maga\u00f1a (46)<\/p>\n<p>\u00c1ngel L\u00f3pez (47) ( de Tepic Nayarit)<\/p>\n<p>Jos\u00e9 Juan \u00a0Mac\u00edas (48)<\/p>\n<p>Oscar Mac\u00edas (49) (Debut ante Veracruz)<\/p>\n<p>Walter Gael Sandoval (50)<\/p>\n<p>Ronaldo Cisneros (51)<\/p>\n<p>Alan Cervantes (52)<\/p>\n<p>Benjam\u00edn Galindo Junior (53)<\/p>\n<p>Jos\u00e9 de Jes\u00fas Gurrola (54)<\/p>\n<p>&nbsp;<\/p>\n<p>Archivosfutmex.com<\/p>\n<p>FACEBOOK: GUILLERMO GLORIA FONSECA<\/p>\n<p>E \u2013 MAIL : <a href=\"mailto:brasilmemo42@gmail.com\">brasilmemo42@gmail.com<\/a><\/p>\n<p>&nbsp;<\/p>\n<p>&nbsp;<\/p>\n<p>&nbsp;<\/p>\n<p>&nbsp;<\/p>\n<p>&nbsp;<\/p>\n<p>&nbsp;<\/p>\n<p>&nbsp;<\/p>\n","protected":false},"excerpt":{"rendered":"<p>Todos los Jugadores Utilizados Por Mat\u00edas Almeyda desde el 20 de Septiembre 2015 al 28 de Abril de 2018. ( 145 Partidos Oficiales) &nbsp; &nbsp; &nbsp; Antonio Rodr\u00edguez Miguel Ponce Oswaldo Alan\u00eds Carlos Salcedo Ra\u00fal L\u00f3pez Marco Fabi\u00e1n Jorge \u201cChat\u00f3n\u201d Enr\u00edquez Michael P\u00e9rez David Ram\u00edrez Carlos Fierro\u00a0\u00a0\u00a0\u00a0\u00a0\u00a0\u00a0\u00a0\u00a0\u00a0\u00a0\u00a0\u00a0\u00a0\u00a0\u00a0\u00a0\u00a0\u00a0\u00a0\u00a0\u00a0\u00a0\u00a0\u00a0 (10) Omar Bravo Carlos Salcido Israel Castro Edwin [&hellip;]<\/p>\n","protected":false},"author":2,"featured_media":0,"comment_status":"closed","ping_status":"closed","sticky":false,"template":"","format":"standard","meta":{"footnotes":""},"categories":[5],"tags":[],"class_list":["post-3039","post","type-post","status-publish","format-standard","hentry","category-chivas"],"_links":{"self":[{"href":"https:\/\/www.archivosfutmex.com\/wordpress\/wp-json\/wp\/v2\/posts\/3039","targetHints":{"allow":["GET"]}}],"collection":[{"href":"https:\/\/www.archivosfutmex.com\/wordpress\/wp-json\/wp\/v2\/posts"}],"about":[{"href":"https:\/\/www.archivosfutmex.com\/wordpress\/wp-json\/wp\/v2\/types\/post"}],"author":[{"embeddable":true,"href":"https:\/\/www.archivosfutmex.com\/wordpress\/wp-json\/wp\/v2\/users\/2"}],"replies":[{"embeddable":true,"href":"https:\/\/www.archivosfutmex.com\/wordpress\/wp-json\/wp\/v2\/comments?post=3039"}],"version-history":[{"count":0,"href":"https:\/\/www.archivosfutmex.com\/wordpress\/wp-json\/wp\/v2\/posts\/3039\/revisions"}],"wp:attachment":[{"href":"https:\/\/www.archivosfutmex.com\/wordpress\/wp-json\/wp\/v2\/media?parent=3039"}],"wp:term":[{"taxonomy":"category","embeddable":true,"href":"https:\/\/www.archivosfutmex.com\/wordpress\/wp-json\/wp\/v2\/categories?post=3039"},{"taxonomy":"post_tag","embeddable":true,"href":"https:\/\/www.archivosfutmex.com\/wordpress\/wp-json\/wp\/v2\/tags?post=3039"}],"curies":[{"name":"wp","href":"https:\/\/api.w.org\/{rel}","templated":true}]}}