{"id":305,"date":"2010-11-25T10:57:19","date_gmt":"2010-11-25T16:57:19","guid":{"rendered":"http:\/\/www.archivosfutmex.com\/?p=305"},"modified":"2010-11-25T10:57:19","modified_gmt":"2010-11-25T16:57:19","slug":"pumas-monterrey-primer-partido-en-su-historia-en-la-liga-ano-1962-archivosfutmex-com","status":"publish","type":"post","link":"https:\/\/www.archivosfutmex.com\/wordpress\/archivos\/305","title":{"rendered":"Pumas &#8211; Monterrey : Primer partido en su Historia en la Liga. A\u00f1o 1962. Archivosfutmex.com"},"content":{"rendered":"<p>Pumas \u2013 Monterrey (Primer Partido en su Historia)<\/p>\n<p>\u00a0\u00a0\u00a0\u00a0\u00a0\u00a0\u00a0\u00a0\u00a0\u00a0\u00a0\u00a0\u00a0\u00a0\u00a0\u00a0\u00a0\u00a0 Temporada 1962 \u2013 63<\/p>\n<p>S\u00e1bado 18 de Agosto de 1962\u00a0\u00a0\u00a0\u00a0\u00a0\u00a0\u00a0\u00a0\u00a0\u00a0 Jornada 8\u00a0\u00a0\u00a0 Estadio Tecnol\u00f3gico<\/p>\n<p>\u00a0\u00a0\u00a0\u00a0\u00a0\u00a0\u00a0\u00a0\u00a0\u00a0\u00a0\u00a0\u00a0\u00a0\u00a0\u00a0\u00a0\u00a0 Monterrey \u2013 4\u00a0\u00a0\u00a0\u00a0\u00a0\u00a0\u00a0\u00a0\u00a0\u00a0\u00a0\u00a0\u00a0\u00a0\u00a0\u00a0\u00a0\u00a0\u00a0\u00a0\u00a0\u00a0\u00a0\u00a0\u00a0 Pumas \u2013 1<\/p>\n<p>Newton Lorenzo \u201cHumayt\u00e0\u201d\u00a0\u00a0\u00a0\u00a0\u00a0\u00a0\u00a0\u00a0\u00a0\u00a0\u00a0\u00a0\u00a0 \u00a0\u00a0\u00a0\u00a0\u00a0\u00a0\u00a0\u00a0 Sau\u00ec (Brasile\u00f1o)\u00a0\u00a0\u00a0<\/p>\n<p>\u00a0\u00a0\u00a0\u00a0\u00a0\u00a0\u00a0\u00a0 Ra\u00fal Ch\u00e1vez ( 2 )<\/p>\n<p>\u00a0\u00a0\u00a0\u00a0\u00a0\u00a0\u00a0\u00a0 Claudio Lostanau\u00a0<\/p>\n<p>Monterrey : Pablo Guerrero : Jes\u00fas Mercado , Geraldo D\u00edaz (Brasile\u00f1o) , Garc\u00eda ;<\/p>\n<p>Alejandro Majewski (Uruguayo\/ Hermano de Francisco) , Claudio Lostanau (Peruano),<\/p>\n<p>Alfredo \u201cFello\u201d Hern\u00e1ndez (QEPD) , Ahumada , Gustavo \u201cGato\u201d Cuenca ,\u00a0 Newton<\/p>\n<p>Lorenzo do Nascimento \u201cHumayt\u00e0 \u201c , Ra\u00fal Ch\u00e1vez.<\/p>\n<p>Pumas : D\u00edaz : Guti\u00e9rrez , Carlos Peters, Ouracy (Brasile\u00f1o\/ No confundir con Luis Juracy),\u00a0 Ra\u00fal Chanes , Ech\u00e0varri , \u201cEspatula\u201d Rodr\u00edguez , Manolo , Guillermo V\u00e1zquez (<\/p>\n<p>Padre) , Genaro Tedesco (Argentino) , Sau\u00ec (Brasile\u00f1o)<\/p>\n<p>\u00c1rbitro : Fernando Buergo<\/p>\n<p>Archivosfutmex.com<\/p>\n<p>Guillermo Gloria Fonseca<\/p>\n<p><a href=\"mailto:gmogloriaf@hotmail.com\">gmogloriaf@hotmail.com<\/a><\/p>\n","protected":false},"excerpt":{"rendered":"<p>Pumas \u2013 Monterrey (Primer Partido en su Historia) \u00a0\u00a0\u00a0\u00a0\u00a0\u00a0\u00a0\u00a0\u00a0\u00a0\u00a0\u00a0\u00a0\u00a0\u00a0\u00a0\u00a0\u00a0 Temporada 1962 \u2013 63 S\u00e1bado 18 de Agosto de 1962\u00a0\u00a0\u00a0\u00a0\u00a0\u00a0\u00a0\u00a0\u00a0\u00a0 Jornada 8\u00a0\u00a0\u00a0 Estadio Tecnol\u00f3gico \u00a0\u00a0\u00a0\u00a0\u00a0\u00a0\u00a0\u00a0\u00a0\u00a0\u00a0\u00a0\u00a0\u00a0\u00a0\u00a0\u00a0\u00a0 Monterrey \u2013 4\u00a0\u00a0\u00a0\u00a0\u00a0\u00a0\u00a0\u00a0\u00a0\u00a0\u00a0\u00a0\u00a0\u00a0\u00a0\u00a0\u00a0\u00a0\u00a0\u00a0\u00a0\u00a0\u00a0\u00a0\u00a0 Pumas \u2013 1 Newton Lorenzo \u201cHumayt\u00e0\u201d\u00a0\u00a0\u00a0\u00a0\u00a0\u00a0\u00a0\u00a0\u00a0\u00a0\u00a0\u00a0\u00a0 \u00a0\u00a0\u00a0\u00a0\u00a0\u00a0\u00a0\u00a0 Sau\u00ec (Brasile\u00f1o)\u00a0\u00a0\u00a0 \u00a0\u00a0\u00a0\u00a0\u00a0\u00a0\u00a0\u00a0 Ra\u00fal Ch\u00e1vez ( 2 ) \u00a0\u00a0\u00a0\u00a0\u00a0\u00a0\u00a0\u00a0 Claudio Lostanau\u00a0 Monterrey : Pablo Guerrero : Jes\u00fas Mercado , Geraldo D\u00edaz [&hellip;]<\/p>\n","protected":false},"author":1,"featured_media":0,"comment_status":"closed","ping_status":"closed","sticky":false,"template":"","format":"standard","meta":{"footnotes":""},"categories":[],"tags":[],"class_list":["post-305","post","type-post","status-publish","format-standard","hentry"],"_links":{"self":[{"href":"https:\/\/www.archivosfutmex.com\/wordpress\/wp-json\/wp\/v2\/posts\/305","targetHints":{"allow":["GET"]}}],"collection":[{"href":"https:\/\/www.archivosfutmex.com\/wordpress\/wp-json\/wp\/v2\/posts"}],"about":[{"href":"https:\/\/www.archivosfutmex.com\/wordpress\/wp-json\/wp\/v2\/types\/post"}],"author":[{"embeddable":true,"href":"https:\/\/www.archivosfutmex.com\/wordpress\/wp-json\/wp\/v2\/users\/1"}],"replies":[{"embeddable":true,"href":"https:\/\/www.archivosfutmex.com\/wordpress\/wp-json\/wp\/v2\/comments?post=305"}],"version-history":[{"count":0,"href":"https:\/\/www.archivosfutmex.com\/wordpress\/wp-json\/wp\/v2\/posts\/305\/revisions"}],"wp:attachment":[{"href":"https:\/\/www.archivosfutmex.com\/wordpress\/wp-json\/wp\/v2\/media?parent=305"}],"wp:term":[{"taxonomy":"category","embeddable":true,"href":"https:\/\/www.archivosfutmex.com\/wordpress\/wp-json\/wp\/v2\/categories?post=305"},{"taxonomy":"post_tag","embeddable":true,"href":"https:\/\/www.archivosfutmex.com\/wordpress\/wp-json\/wp\/v2\/tags?post=305"}],"curies":[{"name":"wp","href":"https:\/\/api.w.org\/{rel}","templated":true}]}}