{"id":3696,"date":"2020-09-18T02:34:06","date_gmt":"2020-09-18T07:34:06","guid":{"rendered":"http:\/\/www.archivosfutmex.com\/wordpress\/?p=3696"},"modified":"2020-09-18T02:37:15","modified_gmt":"2020-09-18T07:37:15","slug":"chivas-entrenadores-del-club-guadalajara-contra-el-america-desde-1943-archivosfutmex-com","status":"publish","type":"post","link":"https:\/\/www.archivosfutmex.com\/wordpress\/archivos\/3696","title":{"rendered":"Chivas : Entrenadores del Club Guadalajara contra el Am\u00e9rica , Desde 1943&#8230;..Archivosfutmex.com"},"content":{"rendered":"\n<p>Entrenadores de Chivas Contra el Am\u00e9rica, Desde 1943<\/p>\n\n\n\n<p>Entrenador&nbsp;&nbsp;&nbsp;&nbsp;&nbsp;&nbsp;&nbsp;&nbsp;&nbsp;&nbsp;&nbsp;&nbsp;&nbsp;&nbsp;&nbsp;&nbsp;&nbsp;&nbsp;&nbsp;&nbsp;&nbsp;&nbsp;&nbsp;&nbsp;&nbsp;&nbsp;&nbsp;&nbsp;&nbsp;&nbsp;&nbsp;&nbsp;&nbsp;&nbsp;&nbsp;&nbsp;&nbsp;&nbsp; N\u00famero de Cl\u00e1sicos<\/p>\n\n\n\n<p>Nemesio Tamayo (Chileno)&nbsp;&nbsp;&nbsp;&nbsp; &nbsp;&nbsp;&nbsp;&nbsp;&nbsp;&nbsp;&nbsp;&nbsp;&nbsp;&nbsp;&nbsp;&nbsp;&nbsp;&nbsp;&nbsp;&nbsp;&nbsp; 4<\/p>\n\n\n\n<p>Ignacio \u201cCalavera\u201d \u00c1vila (45-46)&nbsp;&nbsp;&nbsp;&nbsp; 1<\/p>\n\n\n\n<p>Jos\u00e9 Fern\u00e1ndez Troncoso (Mejor conocido como el \u201cVeracruz Oroza\u201d )&nbsp; ( 1 )<\/p>\n\n\n\n<p>Jorge Orth&nbsp; (H\u00fangaro)&nbsp;&nbsp;&nbsp;&nbsp;&nbsp;&nbsp;&nbsp;&nbsp;&nbsp;&nbsp;&nbsp;&nbsp;&nbsp;&nbsp;&nbsp;&nbsp;&nbsp;&nbsp;&nbsp;&nbsp; 6<\/p>\n\n\n\n<p>Jos\u00e9 Antonio Guerrero (49-50)&nbsp;&nbsp;&nbsp;&nbsp;&nbsp;&nbsp;&nbsp;&nbsp;&nbsp;&nbsp;&nbsp;&nbsp;&nbsp;&nbsp;&nbsp;&nbsp; 1<\/p>\n\n\n\n<p>Fausto Prieto (49-50 \/ 2.\u00aa Vuelta)&nbsp;&nbsp;&nbsp; 1<\/p>\n\n\n\n<p>Willian Readside (Brit\u00e1nico)&nbsp;&nbsp;&nbsp;&nbsp;&nbsp;&nbsp;&nbsp;&nbsp;&nbsp;&nbsp;&nbsp; 2<\/p>\n\n\n\n<p>Jos\u00e9 Mar\u00eda Casullo ( Argentino)&nbsp;&nbsp;&nbsp;&nbsp;&nbsp; 9<\/p>\n\n\n\n<p>Javier de la Torre (Interino)&nbsp;&nbsp;&nbsp;&nbsp;&nbsp;&nbsp;&nbsp;&nbsp;&nbsp;&nbsp;&nbsp;&nbsp; 1 &nbsp;&nbsp;&nbsp;&nbsp;&nbsp; (1955-56 \/1.\u00aa Vuelta)<\/p>\n\n\n\n<p>Donaldo Ross (Uruguayo) (56-57)&nbsp; 2&nbsp;&nbsp;&nbsp;&nbsp;&nbsp;&nbsp; (una vez Campe\u00f3n )<\/p>\n\n\n\n<p>\u00c0rpad F\u00e8kete ( H\u00fangaro)&nbsp;&nbsp;&nbsp;&nbsp;&nbsp;&nbsp;&nbsp;&nbsp;&nbsp;&nbsp;&nbsp;&nbsp;&nbsp;&nbsp;&nbsp;&nbsp;&nbsp;&nbsp;&nbsp;&nbsp;&nbsp;&nbsp;&nbsp;&nbsp;&nbsp; 6 &nbsp;&nbsp;&nbsp;&nbsp;&nbsp; ( 2 Veces Campe\u00f3n )<\/p>\n\n\n\n<p>Javier de la Torre (QEPD)&nbsp;&nbsp;&nbsp;&nbsp;&nbsp;&nbsp;&nbsp;&nbsp;&nbsp;&nbsp;&nbsp;&nbsp;&nbsp;&nbsp; 25&nbsp;&nbsp;&nbsp;&nbsp; ( Todos Consecutivos) ( 5 Veces Campe\u00f3n )<\/p>\n\n\n\n<p>Walter Orme\u00f1o&nbsp; (Peruano)&nbsp;&nbsp;&nbsp;&nbsp; (72-73 \/2.\u00aa Vuelta)&nbsp;&nbsp;&nbsp;&nbsp;&nbsp;&nbsp;&nbsp;&nbsp; ( 1 Cl\u00e1sico)<\/p>\n\n\n\n<p>Jes\u00fas Ponce&nbsp;&nbsp;&nbsp;&nbsp;&nbsp;&nbsp;&nbsp;&nbsp; (73-74)&nbsp;&nbsp;&nbsp;&nbsp;&nbsp;&nbsp;&nbsp;&nbsp;&nbsp;&nbsp;&nbsp;&nbsp;&nbsp;&nbsp;&nbsp;&nbsp;&nbsp;&nbsp;&nbsp;&nbsp;&nbsp;&nbsp;&nbsp;&nbsp;&nbsp; 2<\/p>\n\n\n\n<p>H\u00e9ctor Rial (QEPD) (Argentino)&nbsp;&nbsp;&nbsp;&nbsp;&nbsp; 2 &nbsp;&nbsp;&nbsp;&nbsp;&nbsp; &nbsp;(1974-75)<\/p>\n\n\n\n<p>Horacio Troche (Uruguayo)&nbsp;&nbsp;&nbsp;&nbsp;&nbsp;&nbsp;&nbsp;&nbsp;&nbsp;&nbsp;&nbsp;&nbsp; 2 &nbsp;&nbsp;&nbsp;&nbsp;&nbsp; &nbsp;(1975-76)<\/p>\n\n\n\n<p>Jes\u00fas Ponce (76 \u2013 77 \/77-78)&nbsp;&nbsp;&nbsp;&nbsp;&nbsp;&nbsp;&nbsp;&nbsp;&nbsp;&nbsp; 3<\/p>\n\n\n\n<p>Diego Mercado (77-78 \/ 78-79)&nbsp;&nbsp;&nbsp;&nbsp;&nbsp;&nbsp;&nbsp;&nbsp;&nbsp;&nbsp;&nbsp;&nbsp;&nbsp;&nbsp;&nbsp;&nbsp; 3<\/p>\n\n\n\n<p>Carlos Miloc (Uruguayo) (79-80)&nbsp;&nbsp;&nbsp; 2<\/p>\n\n\n\n<p>Diego Mercado&nbsp;&nbsp;&nbsp;&nbsp;&nbsp;&nbsp;&nbsp;&nbsp;&nbsp;&nbsp;&nbsp;&nbsp;&nbsp;&nbsp;&nbsp;&nbsp;&nbsp;&nbsp;&nbsp;&nbsp;&nbsp;&nbsp;&nbsp;&nbsp;&nbsp;&nbsp;&nbsp;&nbsp;&nbsp;&nbsp;&nbsp; 3&nbsp; &nbsp;&nbsp;&nbsp;&nbsp; (80-81) (81-82 \/ 1.\u00aa Vuelta)<\/p>\n\n\n\n<p>Jes\u00fas Ponce&nbsp;&nbsp;&nbsp;&nbsp;&nbsp;&nbsp;&nbsp;&nbsp;&nbsp;&nbsp;&nbsp;&nbsp;&nbsp;&nbsp;&nbsp;&nbsp;&nbsp;&nbsp;&nbsp;&nbsp;&nbsp;&nbsp;&nbsp;&nbsp;&nbsp;&nbsp;&nbsp;&nbsp;&nbsp;&nbsp;&nbsp;&nbsp;&nbsp;&nbsp;&nbsp;&nbsp;&nbsp;&nbsp;&nbsp;&nbsp;&nbsp;&nbsp;&nbsp;&nbsp;&nbsp;&nbsp; 1&nbsp;&nbsp;&nbsp;&nbsp;&nbsp;&nbsp; (81-82 ) (2\u00b0 Vuelta)<\/p>\n\n\n\n<p>Alberto Guerra (82-83\/ 88-89) &#8212; &nbsp;&nbsp; 14 &nbsp;&nbsp;&nbsp; (todos&nbsp; consecutivos)<\/p>\n\n\n\n<p>Ricardo Antonio Lavolpe (Argentino)&nbsp; 1&nbsp; &nbsp;( 89-90 \/ 1.\u00aa Vuelta)<\/p>\n\n\n\n<p>Miguel \u00c1ngel \u201cZurdo\u201d L\u00f3pez (Argentino)&nbsp; 3&nbsp;&nbsp;&nbsp;&nbsp;<\/p>\n\n\n\n<p>Jes\u00fas Bracamontes &nbsp;&nbsp;&nbsp;&nbsp;&nbsp;&nbsp;&nbsp;&nbsp;&nbsp;&nbsp;&nbsp;&nbsp;&nbsp;&nbsp;&nbsp;&nbsp;&nbsp;&nbsp;&nbsp;&nbsp;&nbsp;&nbsp;&nbsp;&nbsp; 4&nbsp; &nbsp;&nbsp;&nbsp;&nbsp; ( 91-92) ( 92-93)<\/p>\n\n\n\n<p>Alberto Guerra&nbsp;&nbsp;&nbsp;&nbsp;&nbsp;&nbsp;&nbsp;&nbsp;&nbsp;&nbsp;&nbsp;&nbsp;&nbsp;&nbsp;&nbsp;&nbsp;&nbsp;&nbsp;&nbsp;&nbsp;&nbsp;&nbsp;&nbsp;&nbsp;&nbsp;&nbsp;&nbsp;&nbsp;&nbsp;&nbsp;&nbsp; 4&nbsp;&nbsp;&nbsp;&nbsp;&nbsp;&nbsp; ( 93-94 \/ 94-95)<\/p>\n\n\n\n<p>Oswaldo Ardiles (Argentino)&nbsp;&nbsp;&nbsp;&nbsp;&nbsp;&nbsp;&nbsp;&nbsp;&nbsp;&nbsp; 1&nbsp;&nbsp;&nbsp;&nbsp;&nbsp;&nbsp; (95-96\/ 1.\u00aa Vuelta)<\/p>\n\n\n\n<p>Leo Benhakker (Holand\u00e9s)&nbsp;&nbsp;&nbsp;&nbsp;&nbsp;&nbsp;&nbsp;&nbsp;&nbsp;&nbsp;&nbsp;&nbsp;&nbsp; 1&nbsp;&nbsp;&nbsp;&nbsp;&nbsp;&nbsp; (95-96 2.\u00aa Vuelta)<\/p>\n\n\n\n<p>Ricardo Ferretti (Brasile\u00f1o)&nbsp;&nbsp;&nbsp;&nbsp;&nbsp;&nbsp;&nbsp;&nbsp;&nbsp;&nbsp;&nbsp;&nbsp; 8&nbsp;&nbsp;&nbsp;&nbsp;&nbsp;&nbsp; (Invierno 96 \/ Verano 2001)<\/p>\n\n\n\n<p>Jes\u00fas Bracamontes&nbsp;&nbsp;&nbsp;&nbsp;&nbsp;&nbsp;&nbsp;&nbsp;&nbsp;&nbsp;&nbsp;&nbsp;&nbsp;&nbsp;&nbsp;&nbsp;&nbsp;&nbsp;&nbsp;&nbsp;&nbsp;&nbsp;&nbsp;&nbsp;&nbsp;&nbsp;&nbsp;&nbsp;&nbsp;&nbsp;&nbsp;&nbsp;&nbsp;&nbsp;&nbsp; 2&nbsp;&nbsp;&nbsp;&nbsp;&nbsp;&nbsp; (Invierno 2000\/&nbsp; Verano 2001)<\/p>\n\n\n\n<p>Oscar Ruggeri (Argentino)&nbsp;&nbsp;&nbsp;&nbsp;&nbsp;&nbsp;&nbsp;&nbsp;&nbsp;&nbsp;&nbsp;&nbsp;&nbsp;&nbsp; 2&nbsp;&nbsp;&nbsp;&nbsp;&nbsp;&nbsp; (Invierno 2001\/ Verano 2002)<\/p>\n\n\n\n<p>Daniel Guzm\u00e1n&nbsp;&nbsp;&nbsp;&nbsp;&nbsp;&nbsp;&nbsp;&nbsp;&nbsp;&nbsp;&nbsp;&nbsp;&nbsp;&nbsp;&nbsp;&nbsp;&nbsp;&nbsp;&nbsp;&nbsp;&nbsp;&nbsp;&nbsp;&nbsp;&nbsp;&nbsp;&nbsp;&nbsp;&nbsp;&nbsp;&nbsp; 1&nbsp;&nbsp;&nbsp;&nbsp;&nbsp;&nbsp; (Apertura 2002)<\/p>\n\n\n\n<p>Eduardo de la Torre&nbsp;&nbsp;&nbsp;&nbsp;&nbsp;&nbsp;&nbsp;&nbsp;&nbsp;&nbsp;&nbsp;&nbsp;&nbsp;&nbsp;&nbsp;&nbsp;&nbsp;&nbsp;&nbsp;&nbsp;&nbsp;&nbsp;&nbsp;&nbsp; 1&nbsp;&nbsp;&nbsp;&nbsp;&nbsp;&nbsp; (Clausura 2006)<\/p>\n\n\n\n<p>Hans Westerhoff (Holand\u00e9s)&nbsp;&nbsp;&nbsp;&nbsp;&nbsp;&nbsp;&nbsp;&nbsp;&nbsp;&nbsp;&nbsp; 2&nbsp;&nbsp;&nbsp;&nbsp;&nbsp;&nbsp; (Apertura 2003 \/ Clausura 2004)<\/p>\n\n\n\n<p>Benjam\u00edn Galindo&nbsp;&nbsp;&nbsp;&nbsp;&nbsp;&nbsp;&nbsp;&nbsp;&nbsp;&nbsp;&nbsp;&nbsp;&nbsp;&nbsp;&nbsp;&nbsp;&nbsp;&nbsp;&nbsp;&nbsp;&nbsp;&nbsp;&nbsp;&nbsp;&nbsp;&nbsp;&nbsp;&nbsp;&nbsp;&nbsp;&nbsp;&nbsp;&nbsp;&nbsp;&nbsp;&nbsp; 2&nbsp;&nbsp;&nbsp;&nbsp;&nbsp;&nbsp; (Apertura 2004 \/ Clausura 2005)<\/p>\n\n\n\n<p>Xavier Azcargorta (Espa\u00f1ol)&nbsp;&nbsp;&nbsp;&nbsp;&nbsp;&nbsp;&nbsp;&nbsp;&nbsp;&nbsp; 1&nbsp;&nbsp;&nbsp;&nbsp;&nbsp;&nbsp; (Apertura 2005)<\/p>\n\n\n\n<p>Hans Westerhoff&nbsp;&nbsp;&nbsp;&nbsp;&nbsp;&nbsp;&nbsp;&nbsp;&nbsp;&nbsp;&nbsp;&nbsp;&nbsp;&nbsp;&nbsp;&nbsp;&nbsp;&nbsp;&nbsp;&nbsp;&nbsp;&nbsp;&nbsp;&nbsp;&nbsp;&nbsp;&nbsp;&nbsp;&nbsp; 1&nbsp;&nbsp;&nbsp;&nbsp;&nbsp;&nbsp; (Clausura 2006)<\/p>\n\n\n\n<p>Jos\u00e9 Manuel de la Torre&nbsp;&nbsp;&nbsp;&nbsp;&nbsp;&nbsp;&nbsp;&nbsp;&nbsp;&nbsp;&nbsp;&nbsp;&nbsp;&nbsp;&nbsp;&nbsp;&nbsp;&nbsp;&nbsp;&nbsp;&nbsp;&nbsp;&nbsp;&nbsp;&nbsp;&nbsp;&nbsp; 2&nbsp;&nbsp;&nbsp;&nbsp;&nbsp;&nbsp; (Apertura 2006 \/ Clausura 2007)<\/p>\n\n\n\n<p>Efra\u00edn Flores&nbsp;&nbsp;&nbsp;&nbsp;&nbsp;&nbsp;&nbsp;&nbsp;&nbsp;&nbsp;&nbsp;&nbsp;&nbsp;&nbsp;&nbsp;&nbsp;&nbsp;&nbsp;&nbsp;&nbsp;&nbsp;&nbsp;&nbsp;&nbsp;&nbsp;&nbsp;&nbsp;&nbsp;&nbsp;&nbsp;&nbsp;&nbsp;&nbsp;&nbsp;&nbsp; 3&nbsp;&nbsp;&nbsp;&nbsp;&nbsp;&nbsp; (Apertura 2007 \/ Apertura 2008)<\/p>\n\n\n\n<p>Francisco \u201cPaco\u201d Ram\u00edrez&nbsp;&nbsp;&nbsp;&nbsp;&nbsp;&nbsp;&nbsp;&nbsp;&nbsp;&nbsp;&nbsp;&nbsp;&nbsp;&nbsp; 1&nbsp;&nbsp;&nbsp;&nbsp;&nbsp;&nbsp; (Clausura 2009)<\/p>\n\n\n\n<p>Ra\u00fal Arias&nbsp;&nbsp;&nbsp;&nbsp;&nbsp;&nbsp;&nbsp;&nbsp;&nbsp;&nbsp;&nbsp;&nbsp;&nbsp;&nbsp;&nbsp;&nbsp;&nbsp;&nbsp;&nbsp;&nbsp;&nbsp;&nbsp;&nbsp;&nbsp;&nbsp;&nbsp;&nbsp;&nbsp;&nbsp;&nbsp;&nbsp;&nbsp;&nbsp;&nbsp;&nbsp;&nbsp;&nbsp;&nbsp; 1&nbsp;&nbsp;&nbsp;&nbsp;&nbsp;&nbsp; (Apertura 2009)<\/p>\n\n\n\n<p>Jos\u00e9 Luis Real&nbsp;&nbsp;&nbsp;&nbsp;&nbsp;&nbsp;&nbsp;&nbsp;&nbsp;&nbsp;&nbsp;&nbsp;&nbsp;&nbsp;&nbsp;&nbsp;&nbsp;&nbsp;&nbsp;&nbsp;&nbsp;&nbsp;&nbsp;&nbsp;&nbsp;&nbsp;&nbsp;&nbsp;&nbsp;&nbsp;&nbsp;&nbsp;&nbsp; 3&nbsp;&nbsp;&nbsp;&nbsp;&nbsp;&nbsp; ( Bicentenario 2010 \/ Clausura 2011)<\/p>\n\n\n\n<p>Fernando Quirarte&nbsp;&nbsp;&nbsp;&nbsp;&nbsp;&nbsp;&nbsp;&nbsp;&nbsp;&nbsp;&nbsp;&nbsp;&nbsp;&nbsp;&nbsp;&nbsp;&nbsp;&nbsp;&nbsp;&nbsp;&nbsp;&nbsp;&nbsp;&nbsp;&nbsp;&nbsp;&nbsp;&nbsp;&nbsp;&nbsp;&nbsp;&nbsp;&nbsp;&nbsp;&nbsp;&nbsp; 1&nbsp;&nbsp;&nbsp;&nbsp;&nbsp;&nbsp; ( Apertura 2011 )<\/p>\n\n\n\n<p>Ignacio Ambriz&nbsp;&nbsp;&nbsp;&nbsp;&nbsp;&nbsp;&nbsp;&nbsp;&nbsp;&nbsp;&nbsp;&nbsp;&nbsp;&nbsp;&nbsp;&nbsp;&nbsp;&nbsp;&nbsp;&nbsp;&nbsp;&nbsp;&nbsp;&nbsp;&nbsp;&nbsp;&nbsp;&nbsp;&nbsp;&nbsp;&nbsp; 1&nbsp;&nbsp;&nbsp;&nbsp;&nbsp;&nbsp; ( Clausura 2012)<\/p>\n\n\n\n<p>John vant Schip&nbsp;&nbsp;&nbsp;&nbsp;&nbsp;&nbsp;&nbsp;&nbsp;&nbsp;&nbsp;&nbsp;&nbsp;&nbsp;&nbsp;&nbsp;&nbsp;&nbsp;&nbsp;&nbsp;&nbsp;&nbsp;&nbsp;&nbsp;&nbsp;&nbsp;&nbsp;&nbsp;&nbsp;&nbsp;&nbsp; 1&nbsp;&nbsp;&nbsp;&nbsp;&nbsp;&nbsp; ( Apertura 2012)<\/p>\n\n\n\n<p>Benjam\u00edn Galindo&nbsp;&nbsp;&nbsp;&nbsp;&nbsp;&nbsp;&nbsp;&nbsp;&nbsp;&nbsp;&nbsp;&nbsp;&nbsp;&nbsp;&nbsp;&nbsp;&nbsp;&nbsp;&nbsp;&nbsp;&nbsp;&nbsp;&nbsp;&nbsp;&nbsp;&nbsp;&nbsp;&nbsp;&nbsp;&nbsp;&nbsp;&nbsp;&nbsp;&nbsp;&nbsp;&nbsp; 1&nbsp;&nbsp;&nbsp;&nbsp;&nbsp;&nbsp; ( Clausura 2013 )<\/p>\n\n\n\n<p>Juan Carlos Ortega&nbsp;&nbsp;&nbsp;&nbsp;&nbsp;&nbsp;&nbsp;&nbsp;&nbsp;&nbsp;&nbsp;&nbsp;&nbsp;&nbsp;&nbsp;&nbsp;&nbsp;&nbsp;&nbsp;&nbsp;&nbsp;&nbsp;&nbsp;&nbsp;&nbsp; 1&nbsp;&nbsp;&nbsp;&nbsp;&nbsp;&nbsp; ( Apertura 2013 )<\/p>\n\n\n\n<p>Jos\u00e9 Luis Real&nbsp;&nbsp;&nbsp;&nbsp;&nbsp;&nbsp;&nbsp;&nbsp;&nbsp;&nbsp;&nbsp;&nbsp;&nbsp;&nbsp;&nbsp;&nbsp;&nbsp;&nbsp;&nbsp;&nbsp;&nbsp;&nbsp;&nbsp;&nbsp;&nbsp;&nbsp;&nbsp;&nbsp;&nbsp;&nbsp;&nbsp;&nbsp;&nbsp; 1&nbsp;&nbsp;&nbsp;&nbsp;&nbsp;&nbsp; ( Clausura 2014 )<\/p>\n\n\n\n<p>Jos\u00e9 Manuel de la Torre&nbsp;&nbsp;&nbsp;&nbsp;&nbsp;&nbsp;&nbsp;&nbsp;&nbsp;&nbsp;&nbsp;&nbsp;&nbsp;&nbsp;&nbsp;&nbsp;&nbsp;&nbsp;&nbsp;&nbsp;&nbsp;&nbsp;&nbsp;&nbsp;&nbsp;&nbsp;&nbsp; 1&nbsp;&nbsp;&nbsp;&nbsp;&nbsp;&nbsp; ( Apertura 2014 )<\/p>\n\n\n\n<p>Jos\u00e9 Manuel de la Torre&nbsp;&nbsp;&nbsp;&nbsp;&nbsp;&nbsp;&nbsp;&nbsp;&nbsp;&nbsp;&nbsp;&nbsp;&nbsp;&nbsp;&nbsp;&nbsp;&nbsp;&nbsp;&nbsp;&nbsp;&nbsp;&nbsp;&nbsp;&nbsp;&nbsp;&nbsp;&nbsp; 1&nbsp;&nbsp;&nbsp;&nbsp;&nbsp;&nbsp; (Clausura 2015 )<\/p>\n\n\n\n<p>Mat\u00edas Almeyda&nbsp;&nbsp;&nbsp;&nbsp;&nbsp;&nbsp;&nbsp;&nbsp;&nbsp;&nbsp;&nbsp;&nbsp;&nbsp;&nbsp;&nbsp;&nbsp;&nbsp;&nbsp;&nbsp;&nbsp;&nbsp;&nbsp;&nbsp;&nbsp;&nbsp;&nbsp;&nbsp;&nbsp;&nbsp; 1&nbsp;&nbsp;&nbsp;&nbsp;&nbsp;&nbsp; ( Apertura 2015 )<\/p>\n\n\n\n<p>Mat\u00edas Almeyda &nbsp;&nbsp;&nbsp;&nbsp;&nbsp;&nbsp;&nbsp;&nbsp;&nbsp;&nbsp;&nbsp;&nbsp;&nbsp;&nbsp;&nbsp;&nbsp;&nbsp;&nbsp;&nbsp;&nbsp;&nbsp;&nbsp;&nbsp;&nbsp;&nbsp;&nbsp;&nbsp;&nbsp; 1 &nbsp;&nbsp;&nbsp;&nbsp;&nbsp; (Clausura 2016 ) Perdi\u00f3 2-1<\/p>\n\n\n\n<p>Mat\u00edas Almeyda&nbsp;&nbsp;&nbsp;&nbsp;&nbsp;&nbsp;&nbsp;&nbsp;&nbsp;&nbsp;&nbsp;&nbsp;&nbsp;&nbsp;&nbsp;&nbsp;&nbsp;&nbsp;&nbsp;&nbsp;&nbsp;&nbsp;&nbsp;&nbsp;&nbsp;&nbsp;&nbsp;&nbsp;&nbsp; 1 &nbsp;&nbsp;&nbsp;&nbsp;&nbsp; ( Apertura 2016) Gan\u00f3 3-0<\/p>\n\n\n\n<p>Mat\u00edas Almeyda&nbsp;&nbsp;&nbsp;&nbsp;&nbsp;&nbsp;&nbsp;&nbsp;&nbsp;&nbsp;&nbsp;&nbsp;&nbsp;&nbsp;&nbsp;&nbsp;&nbsp;&nbsp;&nbsp;&nbsp;&nbsp;&nbsp;&nbsp;&nbsp;&nbsp;&nbsp;&nbsp;&nbsp;&nbsp; 1 &nbsp;&nbsp;&nbsp;&nbsp;&nbsp; ( Clausura 2017) Gan\u00f3 1-0<\/p>\n\n\n\n<p>Mat\u00edas Almeyda &nbsp;&nbsp;&nbsp;&nbsp;&nbsp;&nbsp;&nbsp;&nbsp;&nbsp;&nbsp;&nbsp;&nbsp;&nbsp;&nbsp;&nbsp;&nbsp;&nbsp;&nbsp;&nbsp;&nbsp;&nbsp;&nbsp;&nbsp;&nbsp;&nbsp;&nbsp;&nbsp;&nbsp; 1&nbsp;&nbsp;&nbsp;&nbsp;&nbsp;&nbsp; ( Apertura 2017) Gan\u00f3 2-1<\/p>\n\n\n\n<p>Mat\u00edas Almeyda &nbsp;&nbsp;&nbsp;&nbsp;&nbsp;&nbsp;&nbsp;&nbsp;&nbsp;&nbsp;&nbsp;&nbsp;&nbsp;&nbsp;&nbsp;&nbsp;&nbsp;&nbsp;&nbsp;&nbsp;&nbsp;&nbsp;&nbsp;&nbsp;&nbsp;&nbsp;&nbsp;&nbsp; 1&nbsp;&nbsp;&nbsp;&nbsp;&nbsp;&nbsp; ( Clausura 2018) Empate a 1<\/p>\n\n\n\n<p>Jos\u00e9 Saturnino Cardozo&nbsp;&nbsp;&nbsp;&nbsp;&nbsp;&nbsp;&nbsp;&nbsp;&nbsp;&nbsp;&nbsp;&nbsp;&nbsp;&nbsp;&nbsp;&nbsp;&nbsp;&nbsp;&nbsp;&nbsp;&nbsp;&nbsp;&nbsp;&nbsp;&nbsp;&nbsp;&nbsp; 1&nbsp;&nbsp;&nbsp;&nbsp;&nbsp;&nbsp; ( Apertura 2018) Empate a 1<\/p>\n\n\n\n<p>Jos\u00e9 Saturnino Cardozo&nbsp;&nbsp;&nbsp;&nbsp;&nbsp;&nbsp;&nbsp;&nbsp;&nbsp;&nbsp;&nbsp;&nbsp;&nbsp;&nbsp;&nbsp;&nbsp;&nbsp;&nbsp;&nbsp;&nbsp;&nbsp;&nbsp;&nbsp;&nbsp;&nbsp;&nbsp;&nbsp; 1&nbsp;&nbsp;&nbsp;&nbsp;&nbsp;&nbsp; ( Clausura 2019) Perdi\u00f3 2-0<\/p>\n\n\n\n<p>Luis Fernando Tena&nbsp;&nbsp;&nbsp;&nbsp;&nbsp;&nbsp;&nbsp;&nbsp;&nbsp;&nbsp;&nbsp;&nbsp;&nbsp;&nbsp;&nbsp;&nbsp;&nbsp;&nbsp;&nbsp;&nbsp;&nbsp;&nbsp;&nbsp;&nbsp; 1&nbsp;&nbsp;&nbsp;&nbsp;&nbsp;&nbsp; ( Apertura 2019) ( Debut) Perdi\u00f3 4-1<\/p>\n\n\n\n<p>&#8212;- &#8212;&#8212;&nbsp;&nbsp; &#8212;&#8212;&#8211;&nbsp;&nbsp;&nbsp;&nbsp;&nbsp;&nbsp;&nbsp;&nbsp;&nbsp;&nbsp; &#8212;&#8212;-&nbsp;&nbsp;&nbsp;&nbsp;&nbsp;&nbsp;&nbsp;&nbsp;&nbsp;&nbsp; &#8212;&nbsp;&nbsp;&nbsp;&nbsp;&nbsp; No se Jug\u00f3<\/p>\n\n\n\n<p>Archivosfumex.com<\/p>\n\n\n\n<p>E-Mail: brasilmemo42@gmail.com<\/p>\n\n\n\n<p><br><\/p>\n","protected":false},"excerpt":{"rendered":"<p>Entrenadores de Chivas Contra el Am\u00e9rica, Desde 1943 Entrenador&nbsp;&nbsp;&nbsp;&nbsp;&nbsp;&nbsp;&nbsp;&nbsp;&nbsp;&nbsp;&nbsp;&nbsp;&nbsp;&nbsp;&nbsp;&nbsp;&nbsp;&nbsp;&nbsp;&nbsp;&nbsp;&nbsp;&nbsp;&nbsp;&nbsp;&nbsp;&nbsp;&nbsp;&nbsp;&nbsp;&nbsp;&nbsp;&nbsp;&nbsp;&nbsp;&nbsp;&nbsp;&nbsp; N\u00famero de Cl\u00e1sicos Nemesio Tamayo (Chileno)&nbsp;&nbsp;&nbsp;&nbsp; &nbsp;&nbsp;&nbsp;&nbsp;&nbsp;&nbsp;&nbsp;&nbsp;&nbsp;&nbsp;&nbsp;&nbsp;&nbsp;&nbsp;&nbsp;&nbsp;&nbsp; 4 Ignacio \u201cCalavera\u201d \u00c1vila (45-46)&nbsp;&nbsp;&nbsp;&nbsp; 1 Jos\u00e9 Fern\u00e1ndez Troncoso (Mejor conocido como el \u201cVeracruz Oroza\u201d )&nbsp; ( 1 ) Jorge Orth&nbsp; (H\u00fangaro)&nbsp;&nbsp;&nbsp;&nbsp;&nbsp;&nbsp;&nbsp;&nbsp;&nbsp;&nbsp;&nbsp;&nbsp;&nbsp;&nbsp;&nbsp;&nbsp;&nbsp;&nbsp;&nbsp;&nbsp; 6 Jos\u00e9 Antonio Guerrero (49-50)&nbsp;&nbsp;&nbsp;&nbsp;&nbsp;&nbsp;&nbsp;&nbsp;&nbsp;&nbsp;&nbsp;&nbsp;&nbsp;&nbsp;&nbsp;&nbsp; 1 Fausto Prieto (49-50 \/ 2.\u00aa Vuelta)&nbsp;&nbsp;&nbsp; 1 Willian Readside (Brit\u00e1nico)&nbsp;&nbsp;&nbsp;&nbsp;&nbsp;&nbsp;&nbsp;&nbsp;&nbsp;&nbsp;&nbsp; 2 [&hellip;]<\/p>\n","protected":false},"author":2,"featured_media":0,"comment_status":"closed","ping_status":"closed","sticky":false,"template":"","format":"standard","meta":{"footnotes":""},"categories":[5],"tags":[],"class_list":["post-3696","post","type-post","status-publish","format-standard","hentry","category-chivas"],"_links":{"self":[{"href":"https:\/\/www.archivosfutmex.com\/wordpress\/wp-json\/wp\/v2\/posts\/3696","targetHints":{"allow":["GET"]}}],"collection":[{"href":"https:\/\/www.archivosfutmex.com\/wordpress\/wp-json\/wp\/v2\/posts"}],"about":[{"href":"https:\/\/www.archivosfutmex.com\/wordpress\/wp-json\/wp\/v2\/types\/post"}],"author":[{"embeddable":true,"href":"https:\/\/www.archivosfutmex.com\/wordpress\/wp-json\/wp\/v2\/users\/2"}],"replies":[{"embeddable":true,"href":"https:\/\/www.archivosfutmex.com\/wordpress\/wp-json\/wp\/v2\/comments?post=3696"}],"version-history":[{"count":0,"href":"https:\/\/www.archivosfutmex.com\/wordpress\/wp-json\/wp\/v2\/posts\/3696\/revisions"}],"wp:attachment":[{"href":"https:\/\/www.archivosfutmex.com\/wordpress\/wp-json\/wp\/v2\/media?parent=3696"}],"wp:term":[{"taxonomy":"category","embeddable":true,"href":"https:\/\/www.archivosfutmex.com\/wordpress\/wp-json\/wp\/v2\/categories?post=3696"},{"taxonomy":"post_tag","embeddable":true,"href":"https:\/\/www.archivosfutmex.com\/wordpress\/wp-json\/wp\/v2\/tags?post=3696"}],"curies":[{"name":"wp","href":"https:\/\/api.w.org\/{rel}","templated":true}]}}