{"id":4263,"date":"2024-03-19T22:06:27","date_gmt":"2024-03-20T04:06:27","guid":{"rendered":"http:\/\/www.archivosfutmex.com\/wordpress\/?p=4263"},"modified":"2024-03-19T22:06:28","modified_gmt":"2024-03-20T04:06:28","slug":"hoy-martes-19-de-marzo-la-iglesia-celebra-la-solemnidad-de-san-jose-primero-dios","status":"publish","type":"post","link":"https:\/\/www.archivosfutmex.com\/wordpress\/archivos\/4263","title":{"rendered":"Hoy Martes 19 de Marzo la Iglesia Celebra la Solemnidad de San Jos\u00e9, Primero Dios"},"content":{"rendered":"\n<p>Te Rogamos , Se\u00f1or , que as\u00ed Como San Jos\u00e9 Sirvi\u00f3 Con Amorosa entrega a Tu Unig\u00e9nito , Nacido  de la Virgen Mar\u00eda , Asi Tambi\u00e9n Con un Coraz\u00f3n Limpio , Merezcamos servirte en Tu Altar. <\/p>\n\n\n\n<p>Brasilmemo42@gmail.com<\/p>\n\n\n\n<p><\/p>\n","protected":false},"excerpt":{"rendered":"<p>Te Rogamos , Se\u00f1or , que as\u00ed Como San Jos\u00e9 Sirvi\u00f3 Con Amorosa entrega a Tu Unig\u00e9nito , Nacido de la Virgen Mar\u00eda , Asi Tambi\u00e9n Con un Coraz\u00f3n Limpio , Merezcamos servirte en Tu Altar. Brasilmemo42@gmail.com<\/p>\n","protected":false},"author":2,"featured_media":0,"comment_status":"closed","ping_status":"closed","sticky":false,"template":"","format":"standard","meta":{"footnotes":""},"categories":[77],"tags":[],"class_list":["post-4263","post","type-post","status-publish","format-standard","hentry","category-santoral"],"_links":{"self":[{"href":"https:\/\/www.archivosfutmex.com\/wordpress\/wp-json\/wp\/v2\/posts\/4263","targetHints":{"allow":["GET"]}}],"collection":[{"href":"https:\/\/www.archivosfutmex.com\/wordpress\/wp-json\/wp\/v2\/posts"}],"about":[{"href":"https:\/\/www.archivosfutmex.com\/wordpress\/wp-json\/wp\/v2\/types\/post"}],"author":[{"embeddable":true,"href":"https:\/\/www.archivosfutmex.com\/wordpress\/wp-json\/wp\/v2\/users\/2"}],"replies":[{"embeddable":true,"href":"https:\/\/www.archivosfutmex.com\/wordpress\/wp-json\/wp\/v2\/comments?post=4263"}],"version-history":[{"count":0,"href":"https:\/\/www.archivosfutmex.com\/wordpress\/wp-json\/wp\/v2\/posts\/4263\/revisions"}],"wp:attachment":[{"href":"https:\/\/www.archivosfutmex.com\/wordpress\/wp-json\/wp\/v2\/media?parent=4263"}],"wp:term":[{"taxonomy":"category","embeddable":true,"href":"https:\/\/www.archivosfutmex.com\/wordpress\/wp-json\/wp\/v2\/categories?post=4263"},{"taxonomy":"post_tag","embeddable":true,"href":"https:\/\/www.archivosfutmex.com\/wordpress\/wp-json\/wp\/v2\/tags?post=4263"}],"curies":[{"name":"wp","href":"https:\/\/api.w.org\/{rel}","templated":true}]}}