{"id":4357,"date":"2024-03-29T08:57:24","date_gmt":"2024-03-29T14:57:24","guid":{"rendered":"https:\/\/www.archivosfutmex.com\/wordpress\/?p=4357"},"modified":"2024-03-29T10:09:59","modified_gmt":"2024-03-29T16:09:59","slug":"4357","status":"publish","type":"post","link":"https:\/\/www.archivosfutmex.com\/wordpress\/archivos\/4357","title":{"rendered":"A\u00f1o 1964 &#8211; Dirigentes del Club de Beisbol Charros de Jalisco se Re\u00fanen con el Gobernador Juan Gil Preciado"},"content":{"rendered":"\n<p>A\u00f1o 1964  &#8211; Dirigentes del Club de B\u00e9isbol Charros de Jalisco se Re\u00fanen Con el Gobernador Juan Gil Preciado.<\/p>\n\n\n\n<p>El Dr. \u00c1lvaro Lebrija , Presidente del Club , Jes\u00fas Carmona Gerente General , y El Se\u00f1or Cotera Subgerente se Entrevistaron con el Gobernador Juan Gil Preciado con Miras a La Temporada 1964 de La Liga Mexicana de Beisbol.<\/p>\n\n\n\n<p>brasilmemo42@gmail.com<\/p>\n","protected":false},"excerpt":{"rendered":"<p>A\u00f1o 1964 &#8211; Dirigentes del Club de B\u00e9isbol Charros de Jalisco se Re\u00fanen Con el Gobernador Juan Gil Preciado. El Dr. \u00c1lvaro Lebrija , Presidente del Club , Jes\u00fas Carmona Gerente General , y El Se\u00f1or Cotera Subgerente se Entrevistaron con el Gobernador Juan Gil Preciado con Miras a La Temporada 1964 de La Liga [&hellip;]<\/p>\n","protected":false},"author":2,"featured_media":0,"comment_status":"closed","ping_status":"closed","sticky":false,"template":"","format":"standard","meta":{"footnotes":""},"categories":[172],"tags":[],"class_list":["post-4357","post","type-post","status-publish","format-standard","hentry","category-desde-1964-club-de-biesbol-charros-de-jalisco"],"_links":{"self":[{"href":"https:\/\/www.archivosfutmex.com\/wordpress\/wp-json\/wp\/v2\/posts\/4357","targetHints":{"allow":["GET"]}}],"collection":[{"href":"https:\/\/www.archivosfutmex.com\/wordpress\/wp-json\/wp\/v2\/posts"}],"about":[{"href":"https:\/\/www.archivosfutmex.com\/wordpress\/wp-json\/wp\/v2\/types\/post"}],"author":[{"embeddable":true,"href":"https:\/\/www.archivosfutmex.com\/wordpress\/wp-json\/wp\/v2\/users\/2"}],"replies":[{"embeddable":true,"href":"https:\/\/www.archivosfutmex.com\/wordpress\/wp-json\/wp\/v2\/comments?post=4357"}],"version-history":[{"count":0,"href":"https:\/\/www.archivosfutmex.com\/wordpress\/wp-json\/wp\/v2\/posts\/4357\/revisions"}],"wp:attachment":[{"href":"https:\/\/www.archivosfutmex.com\/wordpress\/wp-json\/wp\/v2\/media?parent=4357"}],"wp:term":[{"taxonomy":"category","embeddable":true,"href":"https:\/\/www.archivosfutmex.com\/wordpress\/wp-json\/wp\/v2\/categories?post=4357"},{"taxonomy":"post_tag","embeddable":true,"href":"https:\/\/www.archivosfutmex.com\/wordpress\/wp-json\/wp\/v2\/tags?post=4357"}],"curies":[{"name":"wp","href":"https:\/\/api.w.org\/{rel}","templated":true}]}}