{"id":4371,"date":"2024-03-30T04:15:01","date_gmt":"2024-03-30T10:15:01","guid":{"rendered":"https:\/\/www.archivosfutmex.com\/wordpress\/?p=4371"},"modified":"2024-03-30T04:15:02","modified_gmt":"2024-03-30T10:15:02","slug":"sabado-30-marzo-2024-sabado-santo","status":"publish","type":"post","link":"https:\/\/www.archivosfutmex.com\/wordpress\/archivos\/4371","title":{"rendered":"S\u00e1bado 30 Marzo 2024 , S\u00e1bado Santo"},"content":{"rendered":"\n<p>S\u00e1bado Santo de la Sepultura del Se\u00f1or . Se Celebra el Segundo D\u00eda del Triduo Pascual . La Iglesia permanece en Silencio y no Celebra la Eucarist\u00eda hasta la Solemne celebraci\u00f3n en la Vigilia Pascual<\/p>\n","protected":false},"excerpt":{"rendered":"<p>S\u00e1bado Santo de la Sepultura del Se\u00f1or . Se Celebra el Segundo D\u00eda del Triduo Pascual . La Iglesia permanece en Silencio y no Celebra la Eucarist\u00eda hasta la Solemne celebraci\u00f3n en la Vigilia Pascual<\/p>\n","protected":false},"author":2,"featured_media":0,"comment_status":"closed","ping_status":"closed","sticky":false,"template":"","format":"standard","meta":{"footnotes":""},"categories":[165],"tags":[],"class_list":["post-4371","post","type-post","status-publish","format-standard","hentry","category-evangelio-de-hoy"],"_links":{"self":[{"href":"https:\/\/www.archivosfutmex.com\/wordpress\/wp-json\/wp\/v2\/posts\/4371","targetHints":{"allow":["GET"]}}],"collection":[{"href":"https:\/\/www.archivosfutmex.com\/wordpress\/wp-json\/wp\/v2\/posts"}],"about":[{"href":"https:\/\/www.archivosfutmex.com\/wordpress\/wp-json\/wp\/v2\/types\/post"}],"author":[{"embeddable":true,"href":"https:\/\/www.archivosfutmex.com\/wordpress\/wp-json\/wp\/v2\/users\/2"}],"replies":[{"embeddable":true,"href":"https:\/\/www.archivosfutmex.com\/wordpress\/wp-json\/wp\/v2\/comments?post=4371"}],"version-history":[{"count":0,"href":"https:\/\/www.archivosfutmex.com\/wordpress\/wp-json\/wp\/v2\/posts\/4371\/revisions"}],"wp:attachment":[{"href":"https:\/\/www.archivosfutmex.com\/wordpress\/wp-json\/wp\/v2\/media?parent=4371"}],"wp:term":[{"taxonomy":"category","embeddable":true,"href":"https:\/\/www.archivosfutmex.com\/wordpress\/wp-json\/wp\/v2\/categories?post=4371"},{"taxonomy":"post_tag","embeddable":true,"href":"https:\/\/www.archivosfutmex.com\/wordpress\/wp-json\/wp\/v2\/tags?post=4371"}],"curies":[{"name":"wp","href":"https:\/\/api.w.org\/{rel}","templated":true}]}}