{"id":4433,"date":"2024-03-31T22:32:38","date_gmt":"2024-04-01T04:32:38","guid":{"rendered":"http:\/\/www.archivosfutmex.com\/wordpress\/?p=4433"},"modified":"2024-04-14T00:42:13","modified_gmt":"2024-04-14T06:42:13","slug":"lectura-del-libro-de-los-hechos-de-los-apostoles","status":"publish","type":"post","link":"https:\/\/www.archivosfutmex.com\/wordpress\/archivos\/4433","title":{"rendered":"Lectura del Libro de Los Hechos de Los Ap\u00f3stoles"},"content":{"rendered":"\n<p> <\/p>\n\n\n\n<h2 class=\"wp-block-heading\">rimera lectura<\/h2>\n\n\n\n<p><strong>Lectura del libro de los Hechos de los ap\u00f3stoles (2,14.22-33):<\/strong><\/p>\n\n\n\n<p>EL d\u00eda de Pentecost\u00e9s, Pedro, poni\u00e9ndose en pie junto con los Once, levant\u00f3 su voz y con toda solemnidad declar\u00f3:<br>\u00abJud\u00edos y vecinos todos de Jerusal\u00e9n, enteraos bien y escuchad atentamente mis palabras. Israelitas, escuchad estas palabras: a Jes\u00fas el Nazareno, var\u00f3n acreditado por Dios ante vosotros con milagros, prodigios y signos que Dios realiz\u00f3 por medio de \u00e9l, como vosotros sab\u00e9is, a este, entregado conforme el plan que Dios ten\u00eda establecido y provisto, lo matasteis, clav\u00e1ndolo a una cruz por manos de hombres inicuos. Pero Dios lo resucit\u00f3, libr\u00e1ndolo de los dolores de la muerte, por cuanto no era posible que esta lo retuviera bajo su dominio, pues David dice, refiri\u00e9ndose a el:<br>\u201cVe\u00eda siempre al Se\u00f1or delante de m\u00ed,<br>pues est\u00e1 a mi derecha para que no vacile.<br>Por eso se me alegr\u00f3 el coraz\u00f3n,<br>exult\u00f3 mi lengua,<br>y hasta mi carne descansar\u00e1 esperanzada.<br>Porque no me abandonar\u00e1s en el lugar de los muertos,<br>ni dejar\u00e1s que tu Santo experimente corrupci\u00f3n.<br>Me has ense\u00f1ado senderos de vida,<br>me saciar\u00e1s de gozo con tu rostro\u201d.<br>Hermanos, permitidme hablaros con franqueza: el patriarca David muri\u00f3 y lo enterraron, y su sepulcro est\u00e1 entre nosotros hasta el d\u00eda de hoy. Pero como era profeta y sab\u00eda que Dios \u201cle hab\u00eda jurado con juramento sentar en su trono a un descendiente suyo, previ\u00e9ndolo, habl\u00f3 de la resurrecci\u00f3n del Mes\u00edas cuando dijo que \u201cno lo abandonar\u00e1 en el lugar de los muertos\u201d y que \u201csu carne no experimentar\u00e1 corrupci\u00f3n\u201d.<br>A este Jes\u00fas lo resucit\u00f3 Dios, de lo cual todos nosotros somos testigos. Exaltado, pues, por la diestra de Dios y habiendo recibido del Padre la promesa del Esp\u00edritu Santo, lo he derramado. Esto es lo que est\u00e1is viendo y oyendo\u00bb.<\/p>\n\n\n\n<p><strong>Palabra de Dios<\/strong><\/p>\n","protected":false},"excerpt":{"rendered":"<p>rimera lectura Lectura del libro de los Hechos de los ap\u00f3stoles (2,14.22-33): EL d\u00eda de Pentecost\u00e9s, Pedro, poni\u00e9ndose en pie junto con los Once, levant\u00f3 su voz y con toda solemnidad declar\u00f3:\u00abJud\u00edos y vecinos todos de Jerusal\u00e9n, enteraos bien y escuchad atentamente mis palabras. Israelitas, escuchad estas palabras: a Jes\u00fas el Nazareno, var\u00f3n acreditado por [&hellip;]<\/p>\n","protected":false},"author":2,"featured_media":0,"comment_status":"closed","ping_status":"closed","sticky":false,"template":"","format":"standard","meta":{"footnotes":""},"categories":[165],"tags":[],"class_list":["post-4433","post","type-post","status-publish","format-standard","hentry","category-evangelio-de-hoy"],"_links":{"self":[{"href":"https:\/\/www.archivosfutmex.com\/wordpress\/wp-json\/wp\/v2\/posts\/4433","targetHints":{"allow":["GET"]}}],"collection":[{"href":"https:\/\/www.archivosfutmex.com\/wordpress\/wp-json\/wp\/v2\/posts"}],"about":[{"href":"https:\/\/www.archivosfutmex.com\/wordpress\/wp-json\/wp\/v2\/types\/post"}],"author":[{"embeddable":true,"href":"https:\/\/www.archivosfutmex.com\/wordpress\/wp-json\/wp\/v2\/users\/2"}],"replies":[{"embeddable":true,"href":"https:\/\/www.archivosfutmex.com\/wordpress\/wp-json\/wp\/v2\/comments?post=4433"}],"version-history":[{"count":0,"href":"https:\/\/www.archivosfutmex.com\/wordpress\/wp-json\/wp\/v2\/posts\/4433\/revisions"}],"wp:attachment":[{"href":"https:\/\/www.archivosfutmex.com\/wordpress\/wp-json\/wp\/v2\/media?parent=4433"}],"wp:term":[{"taxonomy":"category","embeddable":true,"href":"https:\/\/www.archivosfutmex.com\/wordpress\/wp-json\/wp\/v2\/categories?post=4433"},{"taxonomy":"post_tag","embeddable":true,"href":"https:\/\/www.archivosfutmex.com\/wordpress\/wp-json\/wp\/v2\/tags?post=4433"}],"curies":[{"name":"wp","href":"https:\/\/api.w.org\/{rel}","templated":true}]}}