{"id":4511,"date":"2024-04-03T23:32:40","date_gmt":"2024-04-04T05:32:40","guid":{"rendered":"http:\/\/www.archivosfutmex.com\/wordpress\/?p=4511"},"modified":"2024-04-03T23:32:40","modified_gmt":"2024-04-04T05:32:40","slug":"evangelio-de-hoy-jueves-4-abril-2024-lectura-del-del-libro-de-hechos-de-los-apostoles-hch-3-11-26","status":"publish","type":"post","link":"https:\/\/www.archivosfutmex.com\/wordpress\/archivos\/4511","title":{"rendered":"Evangelio de Hoy Jueves 4 Abril 2024, Lectura del  del Libro de Hechos de Los Ap\u00f3stoles , Hch 3, 11- 26 ."},"content":{"rendered":"\n<p>Como el paral\u00edtico curado por Pedro y Juan no se les despegaba, todo el pueblo, asombrado, corri\u00f3 hacia ellos al p\u00f3rtico de Salom\u00f3n. Al ver a la muchedumbre, Pedro les dirigi\u00f3 la palabra:<\/p>\n\n\n\n<p>\u201cIsraelitas: \u00bfPor qu\u00e9 les causa admiraci\u00f3n esto y por qu\u00e9 nos miran de ese modo, como si por nuestro poder o nuestra virtud hubi\u00e9ramos hecho andar a este hombre? El Dios de Abraham, de Isaac y de Jacob, el Dios de nuestros padres, ha glorificado a su siervo Jes\u00fas, a quien ustedes entregaron a Pilato, y a quien rechazaron en su presencia, cuando \u00e9l ya hab\u00eda decidido ponerlo en libertad.<\/p>\n\n\n\n<p>Rechazaron al santo, al justo, y pidieron el indulto de un asesino; han dado muerte al autor de la vida, pero Dios lo resucit\u00f3 de entre los muertos y de ello nosotros somos testigos. El nombre de Jes\u00fas y la fe en \u00e9l es lo que ha robustecido los miembros de este hombre al que est\u00e1n viendo y todos conocen. Esta fe es la que le ha restituido completamente la salud, como pueden observar.<\/p>\n\n\n\n<p>Ahora bien, hermanos, yo s\u00e9 que ustedes han obrado por ignorancia, de la misma manera que sus jefes; pero Dios cumpli\u00f3 as\u00ed lo que hab\u00eda predicho por boca de los profetas: que su Mes\u00edas ten\u00eda que padecer.<\/p>\n\n\n\n<p>Por lo tanto, arrepi\u00e9ntanse y convi\u00e9rtanse, para que se les perdonen sus pecados y el Se\u00f1or les mande el tiempo de la consolaci\u00f3n y les env\u00ede de nuevo a Jes\u00fas, el Mes\u00edas que les estaba destinado; aunque \u00e9l tiene que quedarse en el cielo hasta la restauraci\u00f3n universal, de la que habl\u00f3 Dios por boca de su profeta desde muy antiguo.<\/p>\n\n\n\n<p>En efecto, Mois\u00e9s dijo:&nbsp;<em>El Se\u00f1or Dios har\u00e1 surgir de entre sus hermanos un profeta como yo. Escuchen todo cuanto les diga; quien no escuche al profeta, ser\u00e1 expulsado del pueblo.<\/em>&nbsp;Todos los profetas, a partir de Samuel, anunciaron igualmente estos d\u00edas.<\/p>\n\n\n\n<p>Ustedes son herederos de los profetas y beneficiarios de la alianza que Dios hizo con sus padres, cuando le dijo a Abraham:<em>&nbsp;Tu descendencia ser\u00e1 fuente de bendici\u00f3n para toda la humanidad<\/em>. Para ustedes, en primer lugar, ha resucitado Dios a su siervo y lo ha enviado para bendecirlos y ayudarlos a que cada uno se aparte de sus iniquidades\u2019\u2019.<\/p>\n","protected":false},"excerpt":{"rendered":"<p>Como el paral\u00edtico curado por Pedro y Juan no se les despegaba, todo el pueblo, asombrado, corri\u00f3 hacia ellos al p\u00f3rtico de Salom\u00f3n. Al ver a la muchedumbre, Pedro les dirigi\u00f3 la palabra: \u201cIsraelitas: \u00bfPor qu\u00e9 les causa admiraci\u00f3n esto y por qu\u00e9 nos miran de ese modo, como si por nuestro poder o nuestra [&hellip;]<\/p>\n","protected":false},"author":2,"featured_media":0,"comment_status":"closed","ping_status":"closed","sticky":false,"template":"","format":"standard","meta":{"footnotes":""},"categories":[165],"tags":[],"class_list":["post-4511","post","type-post","status-publish","format-standard","hentry","category-evangelio-de-hoy"],"_links":{"self":[{"href":"https:\/\/www.archivosfutmex.com\/wordpress\/wp-json\/wp\/v2\/posts\/4511","targetHints":{"allow":["GET"]}}],"collection":[{"href":"https:\/\/www.archivosfutmex.com\/wordpress\/wp-json\/wp\/v2\/posts"}],"about":[{"href":"https:\/\/www.archivosfutmex.com\/wordpress\/wp-json\/wp\/v2\/types\/post"}],"author":[{"embeddable":true,"href":"https:\/\/www.archivosfutmex.com\/wordpress\/wp-json\/wp\/v2\/users\/2"}],"replies":[{"embeddable":true,"href":"https:\/\/www.archivosfutmex.com\/wordpress\/wp-json\/wp\/v2\/comments?post=4511"}],"version-history":[{"count":0,"href":"https:\/\/www.archivosfutmex.com\/wordpress\/wp-json\/wp\/v2\/posts\/4511\/revisions"}],"wp:attachment":[{"href":"https:\/\/www.archivosfutmex.com\/wordpress\/wp-json\/wp\/v2\/media?parent=4511"}],"wp:term":[{"taxonomy":"category","embeddable":true,"href":"https:\/\/www.archivosfutmex.com\/wordpress\/wp-json\/wp\/v2\/categories?post=4511"},{"taxonomy":"post_tag","embeddable":true,"href":"https:\/\/www.archivosfutmex.com\/wordpress\/wp-json\/wp\/v2\/tags?post=4511"}],"curies":[{"name":"wp","href":"https:\/\/api.w.org\/{rel}","templated":true}]}}