{"id":5805,"date":"2024-05-12T07:37:17","date_gmt":"2024-05-12T13:37:17","guid":{"rendered":"http:\/\/www.archivosfutmex.com\/wordpress\/?p=5805"},"modified":"2024-05-12T07:37:18","modified_gmt":"2024-05-12T13:37:18","slug":"se-les-invita-a-los-festejos-patronales-de-la-parroquia-el-senor-de-la-ascension-calle-fidel-velazquez-y-avenida-federalismoestan-cordialmente-invitados","status":"publish","type":"post","link":"https:\/\/www.archivosfutmex.com\/wordpress\/archivos\/5805","title":{"rendered":"Se Les Invita a los Festejos Patronales de la Parroquia el Se\u00f1or de la Ascensi\u00f3n ( Calle Fidel Vel\u00e1zquez y Avenida Federalismo)est\u00e1n Cordialmente invitados."},"content":{"rendered":"\n<p>e-mail: brasilmemo42@gmail.com<\/p>\n","protected":false},"excerpt":{"rendered":"<p>e-mail: brasilmemo42@gmail.com<\/p>\n","protected":false},"author":2,"featured_media":0,"comment_status":"closed","ping_status":"closed","sticky":false,"template":"","format":"standard","meta":{"footnotes":""},"categories":[212],"tags":[],"class_list":["post-5805","post","type-post","status-publish","format-standard","hentry","category-fabrica-de-atemajac"],"_links":{"self":[{"href":"https:\/\/www.archivosfutmex.com\/wordpress\/wp-json\/wp\/v2\/posts\/5805","targetHints":{"allow":["GET"]}}],"collection":[{"href":"https:\/\/www.archivosfutmex.com\/wordpress\/wp-json\/wp\/v2\/posts"}],"about":[{"href":"https:\/\/www.archivosfutmex.com\/wordpress\/wp-json\/wp\/v2\/types\/post"}],"author":[{"embeddable":true,"href":"https:\/\/www.archivosfutmex.com\/wordpress\/wp-json\/wp\/v2\/users\/2"}],"replies":[{"embeddable":true,"href":"https:\/\/www.archivosfutmex.com\/wordpress\/wp-json\/wp\/v2\/comments?post=5805"}],"version-history":[{"count":0,"href":"https:\/\/www.archivosfutmex.com\/wordpress\/wp-json\/wp\/v2\/posts\/5805\/revisions"}],"wp:attachment":[{"href":"https:\/\/www.archivosfutmex.com\/wordpress\/wp-json\/wp\/v2\/media?parent=5805"}],"wp:term":[{"taxonomy":"category","embeddable":true,"href":"https:\/\/www.archivosfutmex.com\/wordpress\/wp-json\/wp\/v2\/categories?post=5805"},{"taxonomy":"post_tag","embeddable":true,"href":"https:\/\/www.archivosfutmex.com\/wordpress\/wp-json\/wp\/v2\/tags?post=5805"}],"curies":[{"name":"wp","href":"https:\/\/api.w.org\/{rel}","templated":true}]}}