{"id":5956,"date":"2024-05-13T08:01:54","date_gmt":"2024-05-13T14:01:54","guid":{"rendered":"http:\/\/www.archivosfutmex.com\/wordpress\/?p=5956"},"modified":"2024-05-13T08:01:54","modified_gmt":"2024-05-13T14:01:54","slug":"hoy-lunes-13-de-mayo-se-celebra-en-el-mundo-catolico-a-nuestra-senora-de-fatima-primero-dios","status":"publish","type":"post","link":"https:\/\/www.archivosfutmex.com\/wordpress\/archivos\/5956","title":{"rendered":"Hoy Lunes 13 de Mayo Se Celebra en el Mundo Cat\u00f3lico a Nuestra Se\u00f1ora de F\u00e1tima . Primero Dios."},"content":{"rendered":"\n<p>En este d\u00eda contemplamos a la que , en el orden de la gracia, , es Nuestra Madre clement\u00edsima, que sucita en los fieles la oraci\u00f3n por los pecadores y la profunda conversi\u00f3n de los pecadores.<\/p>\n","protected":false},"excerpt":{"rendered":"<p>En este d\u00eda contemplamos a la que , en el orden de la gracia, , es Nuestra Madre clement\u00edsima, que sucita en los fieles la oraci\u00f3n por los pecadores y la profunda conversi\u00f3n de los pecadores.<\/p>\n","protected":false},"author":2,"featured_media":0,"comment_status":"closed","ping_status":"closed","sticky":false,"template":"","format":"standard","meta":{"footnotes":""},"categories":[77],"tags":[],"class_list":["post-5956","post","type-post","status-publish","format-standard","hentry","category-santoral"],"_links":{"self":[{"href":"https:\/\/www.archivosfutmex.com\/wordpress\/wp-json\/wp\/v2\/posts\/5956","targetHints":{"allow":["GET"]}}],"collection":[{"href":"https:\/\/www.archivosfutmex.com\/wordpress\/wp-json\/wp\/v2\/posts"}],"about":[{"href":"https:\/\/www.archivosfutmex.com\/wordpress\/wp-json\/wp\/v2\/types\/post"}],"author":[{"embeddable":true,"href":"https:\/\/www.archivosfutmex.com\/wordpress\/wp-json\/wp\/v2\/users\/2"}],"replies":[{"embeddable":true,"href":"https:\/\/www.archivosfutmex.com\/wordpress\/wp-json\/wp\/v2\/comments?post=5956"}],"version-history":[{"count":0,"href":"https:\/\/www.archivosfutmex.com\/wordpress\/wp-json\/wp\/v2\/posts\/5956\/revisions"}],"wp:attachment":[{"href":"https:\/\/www.archivosfutmex.com\/wordpress\/wp-json\/wp\/v2\/media?parent=5956"}],"wp:term":[{"taxonomy":"category","embeddable":true,"href":"https:\/\/www.archivosfutmex.com\/wordpress\/wp-json\/wp\/v2\/categories?post=5956"},{"taxonomy":"post_tag","embeddable":true,"href":"https:\/\/www.archivosfutmex.com\/wordpress\/wp-json\/wp\/v2\/tags?post=5956"}],"curies":[{"name":"wp","href":"https:\/\/api.w.org\/{rel}","templated":true}]}}