{"id":6099,"date":"2024-05-16T01:23:59","date_gmt":"2024-05-16T07:23:59","guid":{"rendered":"http:\/\/www.archivosfutmex.com\/wordpress\/?p=6099"},"modified":"2024-05-16T01:23:59","modified_gmt":"2024-05-16T07:23:59","slug":"el-santo-evangelio-de-hoy-jueves-16-de-mayo-segun-san-juan-jn7-20-26","status":"publish","type":"post","link":"https:\/\/www.archivosfutmex.com\/wordpress\/archivos\/6099","title":{"rendered":"El Santo Evangelio de Hoy Jueves 16 de Mayo Seg\u00fan San Juan Jn,7, 20- 26."},"content":{"rendered":"\n<p>Jn 17, 20-26<\/p>\n\n\n\n<p>En aquel tiempo, Jes\u00fas levant\u00f3 los ojos al cielo y dijo: \u00abPadre, no s\u00f3lo te pido por mis disc\u00edpulos, sino tambi\u00e9n por los que van a creer en m\u00ed por la palabra de ellos, para que todos sean uno, como t\u00fa, Padre, en m\u00ed y yo en ti somos uno, a fin de que sean uno en nosotros y el mundo crea que t\u00fa me has enviado.<br><br>Yo les he dado la gloria que t\u00fa me diste, para que sean uno, como nosotros somos uno. Yo en ellos y t\u00fa en m\u00ed, para que su unidad sea perfecta y as\u00ed el mundo conozca que t\u00fa me has enviado y que los amas, como me amas a m\u00ed.<br><br>Padre, quiero que donde yo est\u00e9, est\u00e9n tambi\u00e9n conmigo los que me has dado, para que contemplen mi gloria, la que me diste, porque me has amado desde antes de la creaci\u00f3n del mundo.<br><br>Padre justo, el mundo no te ha conocido; pero yo s\u00ed te conozco y \u00e9stos han conocido que t\u00fa me enviaste. Yo les he dado a conocer tu nombre y se lo seguir\u00e9 dando a conocer, para que el amor con que me amas est\u00e9 en ellos y yo tambi\u00e9n en ellos\u00bb.<\/p>\n","protected":false},"excerpt":{"rendered":"<p>Jn 17, 20-26 En aquel tiempo, Jes\u00fas levant\u00f3 los ojos al cielo y dijo: \u00abPadre, no s\u00f3lo te pido por mis disc\u00edpulos, sino tambi\u00e9n por los que van a creer en m\u00ed por la palabra de ellos, para que todos sean uno, como t\u00fa, Padre, en m\u00ed y yo en ti somos uno, a fin [&hellip;]<\/p>\n","protected":false},"author":2,"featured_media":0,"comment_status":"closed","ping_status":"closed","sticky":false,"template":"","format":"standard","meta":{"footnotes":""},"categories":[165],"tags":[],"class_list":["post-6099","post","type-post","status-publish","format-standard","hentry","category-evangelio-de-hoy"],"_links":{"self":[{"href":"https:\/\/www.archivosfutmex.com\/wordpress\/wp-json\/wp\/v2\/posts\/6099","targetHints":{"allow":["GET"]}}],"collection":[{"href":"https:\/\/www.archivosfutmex.com\/wordpress\/wp-json\/wp\/v2\/posts"}],"about":[{"href":"https:\/\/www.archivosfutmex.com\/wordpress\/wp-json\/wp\/v2\/types\/post"}],"author":[{"embeddable":true,"href":"https:\/\/www.archivosfutmex.com\/wordpress\/wp-json\/wp\/v2\/users\/2"}],"replies":[{"embeddable":true,"href":"https:\/\/www.archivosfutmex.com\/wordpress\/wp-json\/wp\/v2\/comments?post=6099"}],"version-history":[{"count":0,"href":"https:\/\/www.archivosfutmex.com\/wordpress\/wp-json\/wp\/v2\/posts\/6099\/revisions"}],"wp:attachment":[{"href":"https:\/\/www.archivosfutmex.com\/wordpress\/wp-json\/wp\/v2\/media?parent=6099"}],"wp:term":[{"taxonomy":"category","embeddable":true,"href":"https:\/\/www.archivosfutmex.com\/wordpress\/wp-json\/wp\/v2\/categories?post=6099"},{"taxonomy":"post_tag","embeddable":true,"href":"https:\/\/www.archivosfutmex.com\/wordpress\/wp-json\/wp\/v2\/tags?post=6099"}],"curies":[{"name":"wp","href":"https:\/\/api.w.org\/{rel}","templated":true}]}}