{"id":7421,"date":"2024-06-25T13:03:46","date_gmt":"2024-06-25T19:03:46","guid":{"rendered":"http:\/\/www.archivosfutmex.com\/wordpress\/?p=7421"},"modified":"2024-06-25T13:03:47","modified_gmt":"2024-06-25T19:03:47","slug":"el-santo-evangelio-de-hoy-martes-25-de-junio-del-santo-evangelio-segun-san-mateo-mc-7-6-12-14","status":"publish","type":"post","link":"https:\/\/www.archivosfutmex.com\/wordpress\/archivos\/7421","title":{"rendered":"El Santo Evangelio de Hoy Martes 25 de Junio . Del Santo Evangelio Seg\u00fan San Mateo, Mc 7, 6. 12-14."},"content":{"rendered":"\n<p>Mt 7, 6. 12-14<\/p>\n\n\n\n<p>En aquel tiempo, Jes\u00fas dijo a sus disc\u00edpulos: \u201cNo den a los perros las cosas santas ni echen sus perlas a los cerdos, no sea que las pisoteen y despu\u00e9s se vuelvan contra ustedes y los despedacen.<\/p>\n\n\n\n<p>Traten a los dem\u00e1s como quieren que ellos los traten a ustedes. En esto se resumen la ley y los profetas.<\/p>\n\n\n\n<p>Entren por la puerta estrecha; porque ancha es la puerta y amplio el camino que conduce a la perdici\u00f3n, y son muchos los que entran por \u00e9l. Pero \u00a1qu\u00e9 estrecha es la puerta y qu\u00e9 angosto el camino que conduce a la vida, y qu\u00e9 pocos son los que lo encuentran!\u201d<\/p>\n","protected":false},"excerpt":{"rendered":"<p>Mt 7, 6. 12-14 En aquel tiempo, Jes\u00fas dijo a sus disc\u00edpulos: \u201cNo den a los perros las cosas santas ni echen sus perlas a los cerdos, no sea que las pisoteen y despu\u00e9s se vuelvan contra ustedes y los despedacen. Traten a los dem\u00e1s como quieren que ellos los traten a ustedes. En esto [&hellip;]<\/p>\n","protected":false},"author":2,"featured_media":0,"comment_status":"closed","ping_status":"closed","sticky":false,"template":"","format":"standard","meta":{"footnotes":""},"categories":[165],"tags":[],"class_list":["post-7421","post","type-post","status-publish","format-standard","hentry","category-evangelio-de-hoy"],"_links":{"self":[{"href":"https:\/\/www.archivosfutmex.com\/wordpress\/wp-json\/wp\/v2\/posts\/7421","targetHints":{"allow":["GET"]}}],"collection":[{"href":"https:\/\/www.archivosfutmex.com\/wordpress\/wp-json\/wp\/v2\/posts"}],"about":[{"href":"https:\/\/www.archivosfutmex.com\/wordpress\/wp-json\/wp\/v2\/types\/post"}],"author":[{"embeddable":true,"href":"https:\/\/www.archivosfutmex.com\/wordpress\/wp-json\/wp\/v2\/users\/2"}],"replies":[{"embeddable":true,"href":"https:\/\/www.archivosfutmex.com\/wordpress\/wp-json\/wp\/v2\/comments?post=7421"}],"version-history":[{"count":0,"href":"https:\/\/www.archivosfutmex.com\/wordpress\/wp-json\/wp\/v2\/posts\/7421\/revisions"}],"wp:attachment":[{"href":"https:\/\/www.archivosfutmex.com\/wordpress\/wp-json\/wp\/v2\/media?parent=7421"}],"wp:term":[{"taxonomy":"category","embeddable":true,"href":"https:\/\/www.archivosfutmex.com\/wordpress\/wp-json\/wp\/v2\/categories?post=7421"},{"taxonomy":"post_tag","embeddable":true,"href":"https:\/\/www.archivosfutmex.com\/wordpress\/wp-json\/wp\/v2\/tags?post=7421"}],"curies":[{"name":"wp","href":"https:\/\/api.w.org\/{rel}","templated":true}]}}