{"id":8343,"date":"2024-07-21T06:36:55","date_gmt":"2024-07-21T12:36:55","guid":{"rendered":"https:\/\/www.archivosfutmex.com\/wordpress\/?p=8343"},"modified":"2024-07-21T06:36:55","modified_gmt":"2024-07-21T12:36:55","slug":"primera-lectura-de-hoy-domingo-21-de-julio-2024-del-profeta-jeremias-jer-23-16","status":"publish","type":"post","link":"https:\/\/www.archivosfutmex.com\/wordpress\/archivos\/8343","title":{"rendered":"Primera Lectura de Hoy Domingo 21 de Julio 2024, Del Profeta Jerem\u00edas Jer 23- 16"},"content":{"rendered":"\n<p>Lectura del Profeta Jerem\u00edas<\/p>\n\n\n\n<p>Jer 23, 1-6<\/p>\n\n\n\n<p>\u00ab\u00a1Ay de los pastores que dispersan y dejan perecer a las ovejas de mi reba\u00f1o!, dice el Se\u00f1or.<br><br>Por eso habl\u00f3 as\u00ed el Se\u00f1or, Dios de Israel, contra los pastores que apacientan a mi pueblo: \u00abUstedes han rechazado y dispersado a mis ovejas y no las han cuidado. Yo me encargar\u00e9 de castigar la maldad de las acciones de ustedes. Yo mismo reunir\u00e9 al resto de mis ovejas de todos los pa\u00edses a donde las hab\u00eda expulsado y las volver\u00e9 a traer a sus pastos, para que ah\u00ed crezcan y se multipliquen. Les pondr\u00e9 pastores que las apacienten. Ya no temer\u00e1n ni se espantar\u00e1n y ninguna se perder\u00e1.<br><br>Miren: Viene un tiempo, dice el Se\u00f1or,<br>en que har\u00e9 surgir un renuevo en el tronco de David:<br>ser\u00e1 un rey justo y prudente<br>y har\u00e1 que en la tierra se observen la ley y la justicia.<br>En sus d\u00edas ser\u00e1 puesto a salvo Jud\u00e1,<br>Israel habitar\u00e1 confiadamente<br>y a \u00e9l lo llamar\u00e1n con este nombre:<br>&#8216;El Se\u00f1or es nuestra justicia&#8217; \u00ab.<\/p>\n\n\n\n<p>Segunda lectura<\/p>\n\n\n\n<p>Lectura de la carta del Ap\u00f3stol San Pablo a los Efesios&nbsp;<\/p>\n\n\n\n<p>Ef 2, 13-18<\/p>\n\n\n\n<p>Hermanos: Ahora, unidos a Cristo Jes\u00fas, ustedes, que antes estaban lejos, est\u00e1n cerca, en virtud de la sangre de Cristo.<br><br>Porque \u00e9l es nuestra paz; \u00e9l hizo de los jud\u00edos y de los no jud\u00edos un solo pueblo; \u00e9l destruy\u00f3, en su propio cuerpo, la barrera que los separaba: el odio; \u00e9l aboli\u00f3 la ley, que consist\u00eda en mandatos y reglamentos, para crear en s\u00ed mismo, de los dos pueblos, un solo hombre nuevo, estableciendo la paz, y para reconciliar a ambos, hechos un solo cuerpo, con Dios, por medio de la cruz, dando muerte en s\u00ed mismo al odio.<br><br>Vino para anunciar la buena nueva de la paz, tanto a ustedes, los que estaban lejos, como a los que estaban cerca.<br><br>As\u00ed, unos y otros podemos acercarnos al Padre, por la acci\u00f3n de un mismo Esp\u00edritu.<\/p>\n","protected":false},"excerpt":{"rendered":"<p>Lectura del Profeta Jerem\u00edas Jer 23, 1-6 \u00ab\u00a1Ay de los pastores que dispersan y dejan perecer a las ovejas de mi reba\u00f1o!, dice el Se\u00f1or. Por eso habl\u00f3 as\u00ed el Se\u00f1or, Dios de Israel, contra los pastores que apacientan a mi pueblo: \u00abUstedes han rechazado y dispersado a mis ovejas y no las han cuidado. [&hellip;]<\/p>\n","protected":false},"author":2,"featured_media":0,"comment_status":"closed","ping_status":"closed","sticky":false,"template":"","format":"standard","meta":{"footnotes":""},"categories":[205],"tags":[],"class_list":["post-8343","post","type-post","status-publish","format-standard","hentry","category-primera-lectura"],"_links":{"self":[{"href":"https:\/\/www.archivosfutmex.com\/wordpress\/wp-json\/wp\/v2\/posts\/8343","targetHints":{"allow":["GET"]}}],"collection":[{"href":"https:\/\/www.archivosfutmex.com\/wordpress\/wp-json\/wp\/v2\/posts"}],"about":[{"href":"https:\/\/www.archivosfutmex.com\/wordpress\/wp-json\/wp\/v2\/types\/post"}],"author":[{"embeddable":true,"href":"https:\/\/www.archivosfutmex.com\/wordpress\/wp-json\/wp\/v2\/users\/2"}],"replies":[{"embeddable":true,"href":"https:\/\/www.archivosfutmex.com\/wordpress\/wp-json\/wp\/v2\/comments?post=8343"}],"version-history":[{"count":0,"href":"https:\/\/www.archivosfutmex.com\/wordpress\/wp-json\/wp\/v2\/posts\/8343\/revisions"}],"wp:attachment":[{"href":"https:\/\/www.archivosfutmex.com\/wordpress\/wp-json\/wp\/v2\/media?parent=8343"}],"wp:term":[{"taxonomy":"category","embeddable":true,"href":"https:\/\/www.archivosfutmex.com\/wordpress\/wp-json\/wp\/v2\/categories?post=8343"},{"taxonomy":"post_tag","embeddable":true,"href":"https:\/\/www.archivosfutmex.com\/wordpress\/wp-json\/wp\/v2\/tags?post=8343"}],"curies":[{"name":"wp","href":"https:\/\/api.w.org\/{rel}","templated":true}]}}