{"id":8345,"date":"2024-07-21T06:41:07","date_gmt":"2024-07-21T12:41:07","guid":{"rendered":"https:\/\/www.archivosfutmex.com\/wordpress\/?p=8345"},"modified":"2024-07-21T06:41:07","modified_gmt":"2024-07-21T12:41:07","slug":"el-santo-evangelio-de-hoy-domingo-21-del-evangelio-segun-san-marcos-mc-6-30-34","status":"publish","type":"post","link":"https:\/\/www.archivosfutmex.com\/wordpress\/archivos\/8345","title":{"rendered":"El Santo Evangelio de Hoy Domingo 21 , Del Evangelio seg\u00fan San Marcos Mc 6-30-34"},"content":{"rendered":"\n<p>Mc 6, 30-34<\/p>\n\n\n\n<p>En aquel tiempo, los ap\u00f3stoles volvieron a reunirse con Jes\u00fas y le contaron todo lo que hab\u00edan hecho y ense\u00f1ado. Entonces \u00e9l les dijo: \u00abVengan conmigo a un lugar solitario, para que descansen un poco\u00bb, porque eran tantos los que iban y ven\u00edan, que no les dejaban tiempo ni para comer.<br><br>Jes\u00fas y sus ap\u00f3stoles se dirigieron en una barca hacia un lugar apartado y tranquilo. La gente los vio irse y los reconoci\u00f3; entonces de todos los poblados fueron corriendo por tierra a aquel sitio y se les adelantaron.<br><br>Cuando Jes\u00fas desembarc\u00f3, vio una numerosa multitud que lo estaba esperando y se compadeci\u00f3 de ellos, porque andaban como ovejas sin pastor, y se puso a ense\u00f1arles muchas cosas.<\/p>\n","protected":false},"excerpt":{"rendered":"<p>Mc 6, 30-34 En aquel tiempo, los ap\u00f3stoles volvieron a reunirse con Jes\u00fas y le contaron todo lo que hab\u00edan hecho y ense\u00f1ado. Entonces \u00e9l les dijo: \u00abVengan conmigo a un lugar solitario, para que descansen un poco\u00bb, porque eran tantos los que iban y ven\u00edan, que no les dejaban tiempo ni para comer. Jes\u00fas [&hellip;]<\/p>\n","protected":false},"author":2,"featured_media":0,"comment_status":"closed","ping_status":"closed","sticky":false,"template":"","format":"standard","meta":{"footnotes":""},"categories":[165],"tags":[],"class_list":["post-8345","post","type-post","status-publish","format-standard","hentry","category-evangelio-de-hoy"],"_links":{"self":[{"href":"https:\/\/www.archivosfutmex.com\/wordpress\/wp-json\/wp\/v2\/posts\/8345","targetHints":{"allow":["GET"]}}],"collection":[{"href":"https:\/\/www.archivosfutmex.com\/wordpress\/wp-json\/wp\/v2\/posts"}],"about":[{"href":"https:\/\/www.archivosfutmex.com\/wordpress\/wp-json\/wp\/v2\/types\/post"}],"author":[{"embeddable":true,"href":"https:\/\/www.archivosfutmex.com\/wordpress\/wp-json\/wp\/v2\/users\/2"}],"replies":[{"embeddable":true,"href":"https:\/\/www.archivosfutmex.com\/wordpress\/wp-json\/wp\/v2\/comments?post=8345"}],"version-history":[{"count":0,"href":"https:\/\/www.archivosfutmex.com\/wordpress\/wp-json\/wp\/v2\/posts\/8345\/revisions"}],"wp:attachment":[{"href":"https:\/\/www.archivosfutmex.com\/wordpress\/wp-json\/wp\/v2\/media?parent=8345"}],"wp:term":[{"taxonomy":"category","embeddable":true,"href":"https:\/\/www.archivosfutmex.com\/wordpress\/wp-json\/wp\/v2\/categories?post=8345"},{"taxonomy":"post_tag","embeddable":true,"href":"https:\/\/www.archivosfutmex.com\/wordpress\/wp-json\/wp\/v2\/tags?post=8345"}],"curies":[{"name":"wp","href":"https:\/\/api.w.org\/{rel}","templated":true}]}}