{"id":8347,"date":"2024-07-21T06:48:57","date_gmt":"2024-07-21T12:48:57","guid":{"rendered":"https:\/\/www.archivosfutmex.com\/wordpress\/?p=8347"},"modified":"2024-07-21T06:48:57","modified_gmt":"2024-07-21T12:48:57","slug":"palabras-del-santo-padre-14","status":"publish","type":"post","link":"https:\/\/www.archivosfutmex.com\/wordpress\/archivos\/8347","title":{"rendered":"PALABRAS DEL SANTO PADRE"},"content":{"rendered":"\n<p>\u00a0Jes\u00fas no se sustra\u00eda a las necesidades de la multitud, pero cada d\u00eda, antes que nada, se retiraba en oraci\u00f3n, en silencio, en la intimidad con el Padre. Su tierna invitaci\u00f3n \u2014<em>descansad un poco\u2014<\/em>\u00a0deber\u00eda acompa\u00f1arnos (\u2026) el segundo aspecto:\u00a0<em>la compasi\u00f3n<\/em>, que es el estilo de Dios. El estilo de Dios es cercan\u00eda, compasi\u00f3n y ternura. Cu\u00e1ntas veces, en el Evangelio, en la Biblia, encontramos esta frase: \u201cTuvo compasi\u00f3n\u201d. Conmovido, Jes\u00fas se dedica a la gente y comienza a ense\u00f1ar (cfr. vv. 33-34). Parece una contradicci\u00f3n, pero en realidad no lo es. De hecho, solo el coraz\u00f3n que no se deja secuestrar por la prisa es capaz de conmoverse, es decir, de no dejarse llevar por s\u00ed mismo y por las cosas que tiene que hacer, y de darse cuenta de los dem\u00e1s, de sus heridas, de sus necesidades.\u00a0<em>La compasi\u00f3n nace de la contemplaci\u00f3n<\/em>. Si aprendemos a descansar de verdad, nos hacemos capaces de compasi\u00f3n verdadera; si cultivamos una mirada contemplativa, llevaremos adelante nuestras actividades sin la actitud rapaz de quien quiere poseer y consumir todo; si nos mantenemos en contacto con el Se\u00f1or y no anestesiamos la parte m\u00e1s profunda de nuestro ser, las cosas que hemos de hacer no tendr\u00e1n el poder de dejarnos sin aliento y devorarnos. Necesitamos \u2014escuchad esto\u2014, necesitamos una \u201c<em>ecolog\u00eda del coraz\u00f3n<\/em>\u201d compuesta de descanso, contemplaci\u00f3n y compasi\u00f3n. \u00a1Aprovechemos el tiempo estivo para ello!. (\u00c1ngelus, 18 de julio de 2021)<\/p>\n","protected":false},"excerpt":{"rendered":"<p>\u00a0Jes\u00fas no se sustra\u00eda a las necesidades de la multitud, pero cada d\u00eda, antes que nada, se retiraba en oraci\u00f3n, en silencio, en la intimidad con el Padre. Su tierna invitaci\u00f3n \u2014descansad un poco\u2014\u00a0deber\u00eda acompa\u00f1arnos (\u2026) el segundo aspecto:\u00a0la compasi\u00f3n, que es el estilo de Dios. El estilo de Dios es cercan\u00eda, compasi\u00f3n y ternura. [&hellip;]<\/p>\n","protected":false},"author":2,"featured_media":0,"comment_status":"closed","ping_status":"closed","sticky":false,"template":"","format":"standard","meta":{"footnotes":""},"categories":[229],"tags":[],"class_list":["post-8347","post","type-post","status-publish","format-standard","hentry","category-palabras-del-santo-padre"],"_links":{"self":[{"href":"https:\/\/www.archivosfutmex.com\/wordpress\/wp-json\/wp\/v2\/posts\/8347","targetHints":{"allow":["GET"]}}],"collection":[{"href":"https:\/\/www.archivosfutmex.com\/wordpress\/wp-json\/wp\/v2\/posts"}],"about":[{"href":"https:\/\/www.archivosfutmex.com\/wordpress\/wp-json\/wp\/v2\/types\/post"}],"author":[{"embeddable":true,"href":"https:\/\/www.archivosfutmex.com\/wordpress\/wp-json\/wp\/v2\/users\/2"}],"replies":[{"embeddable":true,"href":"https:\/\/www.archivosfutmex.com\/wordpress\/wp-json\/wp\/v2\/comments?post=8347"}],"version-history":[{"count":0,"href":"https:\/\/www.archivosfutmex.com\/wordpress\/wp-json\/wp\/v2\/posts\/8347\/revisions"}],"wp:attachment":[{"href":"https:\/\/www.archivosfutmex.com\/wordpress\/wp-json\/wp\/v2\/media?parent=8347"}],"wp:term":[{"taxonomy":"category","embeddable":true,"href":"https:\/\/www.archivosfutmex.com\/wordpress\/wp-json\/wp\/v2\/categories?post=8347"},{"taxonomy":"post_tag","embeddable":true,"href":"https:\/\/www.archivosfutmex.com\/wordpress\/wp-json\/wp\/v2\/tags?post=8347"}],"curies":[{"name":"wp","href":"https:\/\/api.w.org\/{rel}","templated":true}]}}