{"id":8384,"date":"2024-07-22T06:55:49","date_gmt":"2024-07-22T12:55:49","guid":{"rendered":"https:\/\/www.archivosfutmex.com\/wordpress\/?p=8384"},"modified":"2024-07-22T06:55:50","modified_gmt":"2024-07-22T12:55:50","slug":"primera-lectura-de-hoy-lunes-22-de-julio-2024-del-libro-del-cantar-de-los-cantares-can-3-1-14","status":"publish","type":"post","link":"https:\/\/www.archivosfutmex.com\/wordpress\/archivos\/8384","title":{"rendered":"Primera Lectura de Hoy Lunes 22 de Julio 2024. Del Libro del Cantar de los Cantares Can 3, 1-14"},"content":{"rendered":"\n<p>Can 3, 1-4<\/p>\n\n\n\n<p>Esto dice la esposa:<br>\u201cEn mi lecho, por las noches,<br>a mi amado yo buscaba.<br>Lo busqu\u00e9, pero fue un vano.<br>Me levantar\u00e9. Por las plazas<br>y barrios de la ciudad<br>buscar\u00e9 al amor de mi alma.<br><br>Lo busqu\u00e9, pero fue en vano.<br>Y me encontraron los guardias<br>de la ciudad, y les dije:<br>\u2018\u00bfQu\u00e9 no vieron a aquel que ama<br>mi alma?\u2019 Y apenas se fueron,<br>encontr\u00e9 al amor de mi alma\u201d.<\/p>\n","protected":false},"excerpt":{"rendered":"<p>Can 3, 1-4 Esto dice la esposa:\u201cEn mi lecho, por las noches,a mi amado yo buscaba.Lo busqu\u00e9, pero fue un vano.Me levantar\u00e9. Por las plazasy barrios de la ciudadbuscar\u00e9 al amor de mi alma. Lo busqu\u00e9, pero fue en vano.Y me encontraron los guardiasde la ciudad, y les dije:\u2018\u00bfQu\u00e9 no vieron a aquel que amami [&hellip;]<\/p>\n","protected":false},"author":2,"featured_media":0,"comment_status":"closed","ping_status":"closed","sticky":false,"template":"","format":"standard","meta":{"footnotes":""},"categories":[205],"tags":[],"class_list":["post-8384","post","type-post","status-publish","format-standard","hentry","category-primera-lectura"],"_links":{"self":[{"href":"https:\/\/www.archivosfutmex.com\/wordpress\/wp-json\/wp\/v2\/posts\/8384","targetHints":{"allow":["GET"]}}],"collection":[{"href":"https:\/\/www.archivosfutmex.com\/wordpress\/wp-json\/wp\/v2\/posts"}],"about":[{"href":"https:\/\/www.archivosfutmex.com\/wordpress\/wp-json\/wp\/v2\/types\/post"}],"author":[{"embeddable":true,"href":"https:\/\/www.archivosfutmex.com\/wordpress\/wp-json\/wp\/v2\/users\/2"}],"replies":[{"embeddable":true,"href":"https:\/\/www.archivosfutmex.com\/wordpress\/wp-json\/wp\/v2\/comments?post=8384"}],"version-history":[{"count":0,"href":"https:\/\/www.archivosfutmex.com\/wordpress\/wp-json\/wp\/v2\/posts\/8384\/revisions"}],"wp:attachment":[{"href":"https:\/\/www.archivosfutmex.com\/wordpress\/wp-json\/wp\/v2\/media?parent=8384"}],"wp:term":[{"taxonomy":"category","embeddable":true,"href":"https:\/\/www.archivosfutmex.com\/wordpress\/wp-json\/wp\/v2\/categories?post=8384"},{"taxonomy":"post_tag","embeddable":true,"href":"https:\/\/www.archivosfutmex.com\/wordpress\/wp-json\/wp\/v2\/tags?post=8384"}],"curies":[{"name":"wp","href":"https:\/\/api.w.org\/{rel}","templated":true}]}}