{"id":8386,"date":"2024-07-22T06:59:51","date_gmt":"2024-07-22T12:59:51","guid":{"rendered":"https:\/\/www.archivosfutmex.com\/wordpress\/?p=8386"},"modified":"2024-07-22T06:59:52","modified_gmt":"2024-07-22T12:59:52","slug":"el-santo-evangelio-de-hoy-lunes-22-evangelio-segun-san-juan-jn-20-1-2-11-18","status":"publish","type":"post","link":"https:\/\/www.archivosfutmex.com\/wordpress\/archivos\/8386","title":{"rendered":"El Santo Evangelio de Hoy Lunes 22 , Evangelio seg\u00fan San Juan Jn 20, 1-2 , 11-18"},"content":{"rendered":"\n<p>Jn 20, 1-2. 11-18<\/p>\n\n\n\n<p>El primer d\u00eda despu\u00e9s del s\u00e1bado, estando todav\u00eda oscuro, fue Mar\u00eda Magdalena al sepulcro y vio removida la piedra que lo cerraba. Ech\u00f3 a correr, lleg\u00f3 a la casa donde estaban Sim\u00f3n Pedro y el otro disc\u00edpulo, a quien Jes\u00fas amaba, y les dijo: \u201cSe han llevado del sepulcro al Se\u00f1or y no sabemos d\u00f3nde lo habr\u00e1n puesto\u201d.<br><br>Mar\u00eda se hab\u00eda quedado llorando junto al sepulcro de Jes\u00fas. Sin dejar de llorar, se asom\u00f3 al sepulcro y vio dos \u00e1ngeles vestidos de blanco, sentados en el lugar donde hab\u00eda estado el cuerpo de Jes\u00fas, uno en la cabecera y el otro junto a los pies. Los \u00e1ngeles le preguntaron: \u201c\u00bfPor qu\u00e9 est\u00e1s llorando, mujer?\u201d Ella les contest\u00f3: \u201cPorque se han llevado a mi Se\u00f1or y no s\u00e9 d\u00f3nde lo habr\u00e1n puesto\u201d.<br><br>Dicho esto, mir\u00f3 hacia atr\u00e1s y vio a Jes\u00fas de pie, pero no sab\u00eda que era Jes\u00fas. Entonces \u00e9l le dijo: \u201cMujer, \u00bfpor qu\u00e9 est\u00e1s llorando? \u00bfA qui\u00e9n buscas?\u201d Ella, creyendo que era el jardinero, le respondi\u00f3: \u201cSe\u00f1or, si t\u00fa te lo llevaste, dime d\u00f3nde lo has puesto\u201d. Jes\u00fas le dijo: \u201c\u00a1Mar\u00eda!\u201d Ella se volvi\u00f3 y exclam\u00f3: \u201c\u00a1Rabbun\u00ed!\u201d, que en hebreo significa \u2018maestro\u2019. Jes\u00fas le dijo: \u201cD\u00e9jame ya, porque todav\u00eda no he subido al Padre. Ve a decir a mis hermanos: \u2018Subo a mi Padre y su Padre, a mi Dios y su Dios\u2019 \u201d.<br><br>Mar\u00eda Magdalena se fue a ver a los disc\u00edpulos para decirles que hab\u00eda visto al Se\u00f1or y<\/p>\n","protected":false},"excerpt":{"rendered":"<p>Jn 20, 1-2. 11-18 El primer d\u00eda despu\u00e9s del s\u00e1bado, estando todav\u00eda oscuro, fue Mar\u00eda Magdalena al sepulcro y vio removida la piedra que lo cerraba. Ech\u00f3 a correr, lleg\u00f3 a la casa donde estaban Sim\u00f3n Pedro y el otro disc\u00edpulo, a quien Jes\u00fas amaba, y les dijo: \u201cSe han llevado del sepulcro al Se\u00f1or [&hellip;]<\/p>\n","protected":false},"author":2,"featured_media":0,"comment_status":"closed","ping_status":"closed","sticky":false,"template":"","format":"standard","meta":{"footnotes":""},"categories":[165],"tags":[],"class_list":["post-8386","post","type-post","status-publish","format-standard","hentry","category-evangelio-de-hoy"],"_links":{"self":[{"href":"https:\/\/www.archivosfutmex.com\/wordpress\/wp-json\/wp\/v2\/posts\/8386","targetHints":{"allow":["GET"]}}],"collection":[{"href":"https:\/\/www.archivosfutmex.com\/wordpress\/wp-json\/wp\/v2\/posts"}],"about":[{"href":"https:\/\/www.archivosfutmex.com\/wordpress\/wp-json\/wp\/v2\/types\/post"}],"author":[{"embeddable":true,"href":"https:\/\/www.archivosfutmex.com\/wordpress\/wp-json\/wp\/v2\/users\/2"}],"replies":[{"embeddable":true,"href":"https:\/\/www.archivosfutmex.com\/wordpress\/wp-json\/wp\/v2\/comments?post=8386"}],"version-history":[{"count":0,"href":"https:\/\/www.archivosfutmex.com\/wordpress\/wp-json\/wp\/v2\/posts\/8386\/revisions"}],"wp:attachment":[{"href":"https:\/\/www.archivosfutmex.com\/wordpress\/wp-json\/wp\/v2\/media?parent=8386"}],"wp:term":[{"taxonomy":"category","embeddable":true,"href":"https:\/\/www.archivosfutmex.com\/wordpress\/wp-json\/wp\/v2\/categories?post=8386"},{"taxonomy":"post_tag","embeddable":true,"href":"https:\/\/www.archivosfutmex.com\/wordpress\/wp-json\/wp\/v2\/tags?post=8386"}],"curies":[{"name":"wp","href":"https:\/\/api.w.org\/{rel}","templated":true}]}}