{"id":8418,"date":"2024-07-23T08:34:14","date_gmt":"2024-07-23T14:34:14","guid":{"rendered":"https:\/\/www.archivosfutmex.com\/wordpress\/?p=8418"},"modified":"2024-07-23T08:34:14","modified_gmt":"2024-07-23T14:34:14","slug":"primera-lectura-hoy-martes-23-de-julio-2024-de-la-carta-del-apostol-san-pablo-a-los-galatas-gal-2-19-20","status":"publish","type":"post","link":"https:\/\/www.archivosfutmex.com\/wordpress\/archivos\/8418","title":{"rendered":"Primera Lectura Hoy Martes 23 de Julio 2024 , De La Carta del Ap\u00f3stol San Pablo a los G\u00e1latas Gal 2, 19 &#8211; 20"},"content":{"rendered":"\n<p>Gal 2, 19-20<\/p>\n\n\n\n<p>Hermanos: Por la ley estoy muerto a la ley, a fin de vivir para Dios. Estoy crucificado con Cristo.<br><br>Vivo, pero ya no soy yo el que vive, es Cristo quien vive en m\u00ed. Pues mi vida en este mundo la vivo en la fe que tengo en el Hijo de Dios, que me am\u00f3 y se entreg\u00f3 a s\u00ed mismo por m\u00ed.<\/p>\n","protected":false},"excerpt":{"rendered":"<p>Gal 2, 19-20 Hermanos: Por la ley estoy muerto a la ley, a fin de vivir para Dios. Estoy crucificado con Cristo. Vivo, pero ya no soy yo el que vive, es Cristo quien vive en m\u00ed. Pues mi vida en este mundo la vivo en la fe que tengo en el Hijo de Dios, [&hellip;]<\/p>\n","protected":false},"author":2,"featured_media":0,"comment_status":"closed","ping_status":"closed","sticky":false,"template":"","format":"standard","meta":{"footnotes":""},"categories":[205],"tags":[],"class_list":["post-8418","post","type-post","status-publish","format-standard","hentry","category-primera-lectura"],"_links":{"self":[{"href":"https:\/\/www.archivosfutmex.com\/wordpress\/wp-json\/wp\/v2\/posts\/8418","targetHints":{"allow":["GET"]}}],"collection":[{"href":"https:\/\/www.archivosfutmex.com\/wordpress\/wp-json\/wp\/v2\/posts"}],"about":[{"href":"https:\/\/www.archivosfutmex.com\/wordpress\/wp-json\/wp\/v2\/types\/post"}],"author":[{"embeddable":true,"href":"https:\/\/www.archivosfutmex.com\/wordpress\/wp-json\/wp\/v2\/users\/2"}],"replies":[{"embeddable":true,"href":"https:\/\/www.archivosfutmex.com\/wordpress\/wp-json\/wp\/v2\/comments?post=8418"}],"version-history":[{"count":0,"href":"https:\/\/www.archivosfutmex.com\/wordpress\/wp-json\/wp\/v2\/posts\/8418\/revisions"}],"wp:attachment":[{"href":"https:\/\/www.archivosfutmex.com\/wordpress\/wp-json\/wp\/v2\/media?parent=8418"}],"wp:term":[{"taxonomy":"category","embeddable":true,"href":"https:\/\/www.archivosfutmex.com\/wordpress\/wp-json\/wp\/v2\/categories?post=8418"},{"taxonomy":"post_tag","embeddable":true,"href":"https:\/\/www.archivosfutmex.com\/wordpress\/wp-json\/wp\/v2\/tags?post=8418"}],"curies":[{"name":"wp","href":"https:\/\/api.w.org\/{rel}","templated":true}]}}