{"id":8422,"date":"2024-07-23T08:44:00","date_gmt":"2024-07-23T14:44:00","guid":{"rendered":"https:\/\/www.archivosfutmex.com\/wordpress\/?p=8422"},"modified":"2024-07-23T08:44:03","modified_gmt":"2024-07-23T14:44:03","slug":"palabras-del-santo-padre-16","status":"publish","type":"post","link":"https:\/\/www.archivosfutmex.com\/wordpress\/archivos\/8422","title":{"rendered":"PALABRAS DEL SANTO PADRE"},"content":{"rendered":"\n<p>Jes\u00fas insiste en el verbo \u201c<em>permanecer\u201d<\/em>. Lo repite siete veces en el pasaje del Evangelio de hoy. Antes de dejar este mundo e ir al Padre, Jes\u00fas quiere asegurar a sus disc\u00edpulos que pueden seguir unidos a \u00e9l. Dice: \u00abPermanezcan en m\u00ed y yo en ustedes\u00bb (v. 4). Este permanecer no es\u00a0<em>una permanencia pasiva<\/em>, un \u201cadormecerse\u201d en el Se\u00f1or, dej\u00e1ndose mecer por la vida. No, no. No es esto. El \u201cpermanecer en \u00c9l\u201d, el permanecer en Jes\u00fas que nos propone es\u00a0<em>una permanencia activa<\/em>, y tambi\u00e9n rec\u00edproco. \u00bfPor qu\u00e9? Porque sin la vid los sarmientos no pueden hacer nada, necesitan la savia para crecer y dar fruto; pero tambi\u00e9n la vid necesita los sarmientos, porque los frutos no brotan del tronco del \u00e1rbol. Es una necesidad rec\u00edproca, es una permanencia rec\u00edproca para dar fruto. Nosotros permanecemos en Jes\u00fas y Jes\u00fas permanece en nosotros. En primer lugar, lo necesitamos a \u00c9l. El Se\u00f1or quiere decirnos que antes de la observancia de sus mandamientos, antes de las bienaventuranzas, antes de las obras de misericordia, es necesario estar unidos a \u00c9l, permanecer en \u00c9l. No podemos ser buenos cristianos si no permanecemos en Jes\u00fas. Y, en cambio, con \u00c9l lo podemos todo (cf.\u00a0<em>Flp<\/em>\u00a04,13). Con \u00e9l lo podemos todo. (Regina Caeli, 2 de mayo de 2021)<\/p>\n","protected":false},"excerpt":{"rendered":"<p>Jes\u00fas insiste en el verbo \u201cpermanecer\u201d. Lo repite siete veces en el pasaje del Evangelio de hoy. Antes de dejar este mundo e ir al Padre, Jes\u00fas quiere asegurar a sus disc\u00edpulos que pueden seguir unidos a \u00e9l. Dice: \u00abPermanezcan en m\u00ed y yo en ustedes\u00bb (v. 4). Este permanecer no es\u00a0una permanencia pasiva, un [&hellip;]<\/p>\n","protected":false},"author":2,"featured_media":0,"comment_status":"closed","ping_status":"closed","sticky":false,"template":"","format":"standard","meta":{"footnotes":""},"categories":[229],"tags":[],"class_list":["post-8422","post","type-post","status-publish","format-standard","hentry","category-palabras-del-santo-padre"],"_links":{"self":[{"href":"https:\/\/www.archivosfutmex.com\/wordpress\/wp-json\/wp\/v2\/posts\/8422","targetHints":{"allow":["GET"]}}],"collection":[{"href":"https:\/\/www.archivosfutmex.com\/wordpress\/wp-json\/wp\/v2\/posts"}],"about":[{"href":"https:\/\/www.archivosfutmex.com\/wordpress\/wp-json\/wp\/v2\/types\/post"}],"author":[{"embeddable":true,"href":"https:\/\/www.archivosfutmex.com\/wordpress\/wp-json\/wp\/v2\/users\/2"}],"replies":[{"embeddable":true,"href":"https:\/\/www.archivosfutmex.com\/wordpress\/wp-json\/wp\/v2\/comments?post=8422"}],"version-history":[{"count":0,"href":"https:\/\/www.archivosfutmex.com\/wordpress\/wp-json\/wp\/v2\/posts\/8422\/revisions"}],"wp:attachment":[{"href":"https:\/\/www.archivosfutmex.com\/wordpress\/wp-json\/wp\/v2\/media?parent=8422"}],"wp:term":[{"taxonomy":"category","embeddable":true,"href":"https:\/\/www.archivosfutmex.com\/wordpress\/wp-json\/wp\/v2\/categories?post=8422"},{"taxonomy":"post_tag","embeddable":true,"href":"https:\/\/www.archivosfutmex.com\/wordpress\/wp-json\/wp\/v2\/tags?post=8422"}],"curies":[{"name":"wp","href":"https:\/\/api.w.org\/{rel}","templated":true}]}}