{"id":8588,"date":"2024-07-28T03:37:36","date_gmt":"2024-07-28T09:37:36","guid":{"rendered":"http:\/\/www.archivosfutmex.com\/wordpress\/?p=8588"},"modified":"2024-07-28T03:37:36","modified_gmt":"2024-07-28T09:37:36","slug":"del-santo-evangelio-hoy-domingo-segun-san-juan-jn-6-1-15","status":"publish","type":"post","link":"https:\/\/www.archivosfutmex.com\/wordpress\/archivos\/8588","title":{"rendered":"Del Santo Evangelio Hoy Domingo seg\u00fan San Juan Jn 6, 1-15"},"content":{"rendered":"\n<p>Jn 6, 1-15<\/p>\n\n\n\n<p>En aquel tiempo, Jes\u00fas se fue a la otra orilla del mar de Galilea o lago de Tiber\u00edades. Lo segu\u00eda mucha gente, porque hab\u00edan visto los signos que hac\u00eda curando a los enfermos. Jes\u00fas subi\u00f3 al monte y se sent\u00f3 all\u00ed con sus disc\u00edpulos.<br><br>Estaba cerca la Pascua, festividad de los jud\u00edos. Viendo Jes\u00fas que mucha gente lo segu\u00eda, le dijo a Felipe: \u00ab\u00bfC\u00f3mo compraremos pan para que coman \u00e9stos?\u00bb Le hizo esta pregunta para ponerlo a prueba, pues \u00e9l bien sab\u00eda lo que iba a hacer. Felipe le respondi\u00f3: \u00abNi doscientos denarios de pan bastar\u00edan para que a cada uno le tocara un pedazo de pan\u00bb. Otro de sus disc\u00edpulos, Andr\u00e9s, el hermano de Sim\u00f3n Pedro, le dijo: \u00abAqu\u00ed hay un muchacho que trae cinco panes de cebada y dos pescados. Pero, \u00bfqu\u00e9 es eso para tanta gente?\u00bb Jes\u00fas le respondi\u00f3: \u00abD\u00edganle a la gente que se siente\u00bb. En aquel lugar hab\u00eda mucha hierba. Todos, pues, se sentaron ah\u00ed; y tan s\u00f3lo los hombres eran unos cinco mil.<br><br>Enseguida tom\u00f3 Jes\u00fas los panes, y despu\u00e9s de dar gracias a Dios, se los fue repartiendo a los que se hab\u00edan sentado a comer. Igualmente les fue dando de los pescados todo lo que quisieron. Despu\u00e9s de que todos se saciaron, dijo a sus disc\u00edpulos: \u00abRecojan los pedazos sobrantes, para que no se desperdicien\u00bb. Los recogieron y con los pedazos que sobraron de los cinco panes llenaron doce canastos.<br><br>Entonces la gente, al ver el signo que Jes\u00fas hab\u00eda hecho, dec\u00eda: \u00ab\u00c9ste es, en verdad, el profeta que habr\u00eda de venir al mundo\u00bb. Pero Jes\u00fas, sabiendo que iban a llev\u00e1rselo para proclamarlo rey, se retir\u00f3 de nuevo a la monta\u00f1a, \u00e9l solo.<\/p>\n","protected":false},"excerpt":{"rendered":"<p>Jn 6, 1-15 En aquel tiempo, Jes\u00fas se fue a la otra orilla del mar de Galilea o lago de Tiber\u00edades. Lo segu\u00eda mucha gente, porque hab\u00edan visto los signos que hac\u00eda curando a los enfermos. Jes\u00fas subi\u00f3 al monte y se sent\u00f3 all\u00ed con sus disc\u00edpulos. Estaba cerca la Pascua, festividad de los jud\u00edos. [&hellip;]<\/p>\n","protected":false},"author":2,"featured_media":0,"comment_status":"closed","ping_status":"closed","sticky":false,"template":"","format":"standard","meta":{"footnotes":""},"categories":[165],"tags":[],"class_list":["post-8588","post","type-post","status-publish","format-standard","hentry","category-evangelio-de-hoy"],"_links":{"self":[{"href":"https:\/\/www.archivosfutmex.com\/wordpress\/wp-json\/wp\/v2\/posts\/8588","targetHints":{"allow":["GET"]}}],"collection":[{"href":"https:\/\/www.archivosfutmex.com\/wordpress\/wp-json\/wp\/v2\/posts"}],"about":[{"href":"https:\/\/www.archivosfutmex.com\/wordpress\/wp-json\/wp\/v2\/types\/post"}],"author":[{"embeddable":true,"href":"https:\/\/www.archivosfutmex.com\/wordpress\/wp-json\/wp\/v2\/users\/2"}],"replies":[{"embeddable":true,"href":"https:\/\/www.archivosfutmex.com\/wordpress\/wp-json\/wp\/v2\/comments?post=8588"}],"version-history":[{"count":0,"href":"https:\/\/www.archivosfutmex.com\/wordpress\/wp-json\/wp\/v2\/posts\/8588\/revisions"}],"wp:attachment":[{"href":"https:\/\/www.archivosfutmex.com\/wordpress\/wp-json\/wp\/v2\/media?parent=8588"}],"wp:term":[{"taxonomy":"category","embeddable":true,"href":"https:\/\/www.archivosfutmex.com\/wordpress\/wp-json\/wp\/v2\/categories?post=8588"},{"taxonomy":"post_tag","embeddable":true,"href":"https:\/\/www.archivosfutmex.com\/wordpress\/wp-json\/wp\/v2\/tags?post=8588"}],"curies":[{"name":"wp","href":"https:\/\/api.w.org\/{rel}","templated":true}]}}