{"id":8590,"date":"2024-07-28T03:48:25","date_gmt":"2024-07-28T09:48:25","guid":{"rendered":"http:\/\/www.archivosfutmex.com\/wordpress\/?p=8590"},"modified":"2024-07-28T03:48:26","modified_gmt":"2024-07-28T09:48:26","slug":"palabra-del-santo-padre","status":"publish","type":"post","link":"https:\/\/www.archivosfutmex.com\/wordpress\/archivos\/8590","title":{"rendered":"PALABRA DEL SANTO PADRE"},"content":{"rendered":"\n<p>Nosotros tratamos de acumular y aumentar lo que tenemos; Jes\u00fas, en cambio, pide dar, disminuir. Nos encanta a\u00f1adir, nos gustan las adiciones; a Jes\u00fas le gustan las sustracciones, quitar algo para d\u00e1rselo a los dem\u00e1s. Queremos multiplicar para nosotros; Jes\u00fas aprecia cuando dividimos con los dem\u00e1s, cuando compartimos. Es curioso que en los relatos de la multiplicaci\u00f3n de los panes presentes en los Evangelios no aparezca nunca el verbo \u201cmultiplicar\u201d. Es m\u00e1s, los verbos utilizados son de signo opuesto: \u201cpartir\u201d, \u201cdar\u201d, \u201cdistribuir\u201d. Pero no se usa el verbo \u201cmultiplicar\u201d. El verdadero milagro, dice Jes\u00fas, no es la multiplicaci\u00f3n que produce orgullo y poder, sino la divisi\u00f3n, el compartir, que aumenta el amor y permite que Dios haga prodigios. Probemos a compartir m\u00e1s, probemos a seguir este camino que nos ense\u00f1a Jes\u00fas. (\u00c1ngelus, 25 de julio de 2021)<\/p>\n","protected":false},"excerpt":{"rendered":"<p>Nosotros tratamos de acumular y aumentar lo que tenemos; Jes\u00fas, en cambio, pide dar, disminuir. Nos encanta a\u00f1adir, nos gustan las adiciones; a Jes\u00fas le gustan las sustracciones, quitar algo para d\u00e1rselo a los dem\u00e1s. Queremos multiplicar para nosotros; Jes\u00fas aprecia cuando dividimos con los dem\u00e1s, cuando compartimos. Es curioso que en los relatos de [&hellip;]<\/p>\n","protected":false},"author":2,"featured_media":0,"comment_status":"closed","ping_status":"closed","sticky":false,"template":"","format":"standard","meta":{"footnotes":""},"categories":[229],"tags":[],"class_list":["post-8590","post","type-post","status-publish","format-standard","hentry","category-palabras-del-santo-padre"],"_links":{"self":[{"href":"https:\/\/www.archivosfutmex.com\/wordpress\/wp-json\/wp\/v2\/posts\/8590","targetHints":{"allow":["GET"]}}],"collection":[{"href":"https:\/\/www.archivosfutmex.com\/wordpress\/wp-json\/wp\/v2\/posts"}],"about":[{"href":"https:\/\/www.archivosfutmex.com\/wordpress\/wp-json\/wp\/v2\/types\/post"}],"author":[{"embeddable":true,"href":"https:\/\/www.archivosfutmex.com\/wordpress\/wp-json\/wp\/v2\/users\/2"}],"replies":[{"embeddable":true,"href":"https:\/\/www.archivosfutmex.com\/wordpress\/wp-json\/wp\/v2\/comments?post=8590"}],"version-history":[{"count":0,"href":"https:\/\/www.archivosfutmex.com\/wordpress\/wp-json\/wp\/v2\/posts\/8590\/revisions"}],"wp:attachment":[{"href":"https:\/\/www.archivosfutmex.com\/wordpress\/wp-json\/wp\/v2\/media?parent=8590"}],"wp:term":[{"taxonomy":"category","embeddable":true,"href":"https:\/\/www.archivosfutmex.com\/wordpress\/wp-json\/wp\/v2\/categories?post=8590"},{"taxonomy":"post_tag","embeddable":true,"href":"https:\/\/www.archivosfutmex.com\/wordpress\/wp-json\/wp\/v2\/tags?post=8590"}],"curies":[{"name":"wp","href":"https:\/\/api.w.org\/{rel}","templated":true}]}}