{"id":8654,"date":"2024-07-29T07:43:16","date_gmt":"2024-07-29T13:43:16","guid":{"rendered":"http:\/\/www.archivosfutmex.com\/wordpress\/?p=8654"},"modified":"2024-07-29T07:43:16","modified_gmt":"2024-07-29T13:43:16","slug":"palabras-de-santo-padre","status":"publish","type":"post","link":"https:\/\/www.archivosfutmex.com\/wordpress\/archivos\/8654","title":{"rendered":"PALABRAS DE SANTO PADRE"},"content":{"rendered":"\n<p>Aqu\u00ed sentimos claramente que Dios es vida y da vida, pero asume el drama de la muerte. Jes\u00fas podr\u00eda haber evitado la muerte de su amigo L\u00e1zaro, pero quiso hacer suyo nuestro dolor por la muerte de nuestros seres queridos y, sobre todo, quiso mostrar el dominio de Dios sobre la muerte. En este pasaje del Evangelio vemos que la fe del hombre y la omnipotencia de Dios, el amor de Dios, se buscan y, finalmente, se encuentran. Es como un doble camino: la fe del hombre y la omnipotencia del amor de Dios se buscan y finalmente se encuentran. Lo vemos en el grito de Marta y Mar\u00eda y todos nosotros con ellas: \u201c\u00a1Si hubieras estado aqu\u00ed!\u2026\u201d. Y la respuesta de Dios no es un discurso, no, la respuesta de Dios al problema de la muerte es Jes\u00fas: \u201cYo soy la resurrecci\u00f3n y la vida\u2026 \u00a1Tened fe! En medio del llanto seguid teniendo fe, aunque la muerte parezca haber vencido. \u00a1Quitad la piedra de vuestro coraz\u00f3n! Que la Palabra de Dios devuelva la vida all\u00ed donde hay muerte\u201d. (\u00c1ngelus, 29 de marzo de 2020)<\/p>\n","protected":false},"excerpt":{"rendered":"<p>Aqu\u00ed sentimos claramente que Dios es vida y da vida, pero asume el drama de la muerte. Jes\u00fas podr\u00eda haber evitado la muerte de su amigo L\u00e1zaro, pero quiso hacer suyo nuestro dolor por la muerte de nuestros seres queridos y, sobre todo, quiso mostrar el dominio de Dios sobre la muerte. En este pasaje [&hellip;]<\/p>\n","protected":false},"author":2,"featured_media":0,"comment_status":"closed","ping_status":"closed","sticky":false,"template":"","format":"standard","meta":{"footnotes":""},"categories":[229],"tags":[],"class_list":["post-8654","post","type-post","status-publish","format-standard","hentry","category-palabras-del-santo-padre"],"_links":{"self":[{"href":"https:\/\/www.archivosfutmex.com\/wordpress\/wp-json\/wp\/v2\/posts\/8654","targetHints":{"allow":["GET"]}}],"collection":[{"href":"https:\/\/www.archivosfutmex.com\/wordpress\/wp-json\/wp\/v2\/posts"}],"about":[{"href":"https:\/\/www.archivosfutmex.com\/wordpress\/wp-json\/wp\/v2\/types\/post"}],"author":[{"embeddable":true,"href":"https:\/\/www.archivosfutmex.com\/wordpress\/wp-json\/wp\/v2\/users\/2"}],"replies":[{"embeddable":true,"href":"https:\/\/www.archivosfutmex.com\/wordpress\/wp-json\/wp\/v2\/comments?post=8654"}],"version-history":[{"count":0,"href":"https:\/\/www.archivosfutmex.com\/wordpress\/wp-json\/wp\/v2\/posts\/8654\/revisions"}],"wp:attachment":[{"href":"https:\/\/www.archivosfutmex.com\/wordpress\/wp-json\/wp\/v2\/media?parent=8654"}],"wp:term":[{"taxonomy":"category","embeddable":true,"href":"https:\/\/www.archivosfutmex.com\/wordpress\/wp-json\/wp\/v2\/categories?post=8654"},{"taxonomy":"post_tag","embeddable":true,"href":"https:\/\/www.archivosfutmex.com\/wordpress\/wp-json\/wp\/v2\/tags?post=8654"}],"curies":[{"name":"wp","href":"https:\/\/api.w.org\/{rel}","templated":true}]}}