{"id":8673,"date":"2024-07-30T07:05:20","date_gmt":"2024-07-30T13:05:20","guid":{"rendered":"https:\/\/www.archivosfutmex.com\/wordpress\/?p=8673"},"modified":"2024-07-30T07:05:20","modified_gmt":"2024-07-30T13:05:20","slug":"palabras-del-santo-padre-20","status":"publish","type":"post","link":"https:\/\/www.archivosfutmex.com\/wordpress\/archivos\/8673","title":{"rendered":"PALABRAS DEL SANTO PADRE"},"content":{"rendered":"\n<p>De este modo, Jes\u00fas habla de nuestro mundo, que en realidad es como un gran campo, donde Dios siembra trigo y el maligno ciza\u00f1a, y as\u00ed el bien y el mal crecen juntos. (\u2026) Hay, sin embargo, un segundo campo en el que podemos limpiar: es el campo de nuestro coraz\u00f3n, el \u00fanico en el que podemos intervenir directamente. Tambi\u00e9n all\u00ed hay trigo y ciza\u00f1a, de hecho, es desde all\u00ed desde donde ambos se extienden al gran campo del mundo. Hermanos y hermanas, nuestro coraz\u00f3n, en efecto, es el campo de la libertad: no es un laboratorio as\u00e9ptico, sino un espacio abierto y, por tanto, vulnerable. Para cultivarlo adecuadamente, es necesario, por una parte, cuidar constantemente los delicados brotes de bondad y, por otra, identificar y erradicar las malezas, en el momento justo. As\u00ed pues, miremos en nuestro interior y examinemos un poco que ocurre, lo que crece en m\u00ed. Que est\u00e1 creciendo en mi de bien y de mal. Existe un hermoso m\u00e9todo para hacerlo: aquello que se llama el examen de conciencia, que es ver qu\u00e9 sucede hoy en mi vida, qu\u00e9 me impact\u00f3 en el coraz\u00f3n y qu\u00e9 decisi\u00f3n tom\u00e9. Y esto sirve precisamente para verificar, a la luz de Dios, donde est\u00e1n las hierbas malas y donde la semilla buena. (\u00c1ngelus, 23 de julio de 2023)<\/p>\n","protected":false},"excerpt":{"rendered":"<p>De este modo, Jes\u00fas habla de nuestro mundo, que en realidad es como un gran campo, donde Dios siembra trigo y el maligno ciza\u00f1a, y as\u00ed el bien y el mal crecen juntos. (\u2026) Hay, sin embargo, un segundo campo en el que podemos limpiar: es el campo de nuestro coraz\u00f3n, el \u00fanico en el [&hellip;]<\/p>\n","protected":false},"author":2,"featured_media":0,"comment_status":"closed","ping_status":"closed","sticky":false,"template":"","format":"standard","meta":{"footnotes":""},"categories":[229],"tags":[],"class_list":["post-8673","post","type-post","status-publish","format-standard","hentry","category-palabras-del-santo-padre"],"_links":{"self":[{"href":"https:\/\/www.archivosfutmex.com\/wordpress\/wp-json\/wp\/v2\/posts\/8673","targetHints":{"allow":["GET"]}}],"collection":[{"href":"https:\/\/www.archivosfutmex.com\/wordpress\/wp-json\/wp\/v2\/posts"}],"about":[{"href":"https:\/\/www.archivosfutmex.com\/wordpress\/wp-json\/wp\/v2\/types\/post"}],"author":[{"embeddable":true,"href":"https:\/\/www.archivosfutmex.com\/wordpress\/wp-json\/wp\/v2\/users\/2"}],"replies":[{"embeddable":true,"href":"https:\/\/www.archivosfutmex.com\/wordpress\/wp-json\/wp\/v2\/comments?post=8673"}],"version-history":[{"count":0,"href":"https:\/\/www.archivosfutmex.com\/wordpress\/wp-json\/wp\/v2\/posts\/8673\/revisions"}],"wp:attachment":[{"href":"https:\/\/www.archivosfutmex.com\/wordpress\/wp-json\/wp\/v2\/media?parent=8673"}],"wp:term":[{"taxonomy":"category","embeddable":true,"href":"https:\/\/www.archivosfutmex.com\/wordpress\/wp-json\/wp\/v2\/categories?post=8673"},{"taxonomy":"post_tag","embeddable":true,"href":"https:\/\/www.archivosfutmex.com\/wordpress\/wp-json\/wp\/v2\/tags?post=8673"}],"curies":[{"name":"wp","href":"https:\/\/api.w.org\/{rel}","templated":true}]}}