{"id":8786,"date":"2024-08-02T07:48:27","date_gmt":"2024-08-02T13:48:27","guid":{"rendered":"https:\/\/www.archivosfutmex.com\/wordpress\/?p=8786"},"modified":"2024-08-02T07:48:27","modified_gmt":"2024-08-02T13:48:27","slug":"lectura-del-santo-evangelio-hoy-viernes-2-del-evangelio-de-san-mateo-mt-13-54-58","status":"publish","type":"post","link":"https:\/\/www.archivosfutmex.com\/wordpress\/archivos\/8786","title":{"rendered":"Lectura del Santo Evangelio Hoy Viernes 2 , Del Evangelio de San Mateo Mt 13, 54-58"},"content":{"rendered":"\n<p>Mt 13, 54-58<\/p>\n\n\n\n<p>En aquel tiempo, Jes\u00fas lleg\u00f3 a su tierra y se puso a ense\u00f1ar a la gente en la sinagoga, de tal forma, que todos estaban asombrados y se preguntaban: \u00ab\u00bfDe d\u00f3nde ha sacado \u00e9ste esa sabidur\u00eda y esos poderes milagrosos? \u00bfAcaso no es \u00e9ste el hijo del carpintero? \u00bfNo se llama Mar\u00eda su madre y no son sus hermanos Santiago, Jos\u00e9, Sim\u00f3n y Judas? \u00bfQu\u00e9 no viven entre nosotros todas sus hermanas? \u00bfDe d\u00f3nde, pues, ha sacado todas estas cosas?\u00bb Y se negaban a creer en \u00e9l.<br><br>Entonces, Jes\u00fas les dijo: \u00abUn profeta no es despreciado m\u00e1s que en su patria y en su casa\u00bb. Y no hizo muchos milagros all\u00ed por la incredulidad de ellos.<\/p>\n","protected":false},"excerpt":{"rendered":"<p>Mt 13, 54-58 En aquel tiempo, Jes\u00fas lleg\u00f3 a su tierra y se puso a ense\u00f1ar a la gente en la sinagoga, de tal forma, que todos estaban asombrados y se preguntaban: \u00ab\u00bfDe d\u00f3nde ha sacado \u00e9ste esa sabidur\u00eda y esos poderes milagrosos? \u00bfAcaso no es \u00e9ste el hijo del carpintero? \u00bfNo se llama Mar\u00eda [&hellip;]<\/p>\n","protected":false},"author":2,"featured_media":0,"comment_status":"closed","ping_status":"closed","sticky":false,"template":"","format":"standard","meta":{"footnotes":""},"categories":[165],"tags":[],"class_list":["post-8786","post","type-post","status-publish","format-standard","hentry","category-evangelio-de-hoy"],"_links":{"self":[{"href":"https:\/\/www.archivosfutmex.com\/wordpress\/wp-json\/wp\/v2\/posts\/8786","targetHints":{"allow":["GET"]}}],"collection":[{"href":"https:\/\/www.archivosfutmex.com\/wordpress\/wp-json\/wp\/v2\/posts"}],"about":[{"href":"https:\/\/www.archivosfutmex.com\/wordpress\/wp-json\/wp\/v2\/types\/post"}],"author":[{"embeddable":true,"href":"https:\/\/www.archivosfutmex.com\/wordpress\/wp-json\/wp\/v2\/users\/2"}],"replies":[{"embeddable":true,"href":"https:\/\/www.archivosfutmex.com\/wordpress\/wp-json\/wp\/v2\/comments?post=8786"}],"version-history":[{"count":0,"href":"https:\/\/www.archivosfutmex.com\/wordpress\/wp-json\/wp\/v2\/posts\/8786\/revisions"}],"wp:attachment":[{"href":"https:\/\/www.archivosfutmex.com\/wordpress\/wp-json\/wp\/v2\/media?parent=8786"}],"wp:term":[{"taxonomy":"category","embeddable":true,"href":"https:\/\/www.archivosfutmex.com\/wordpress\/wp-json\/wp\/v2\/categories?post=8786"},{"taxonomy":"post_tag","embeddable":true,"href":"https:\/\/www.archivosfutmex.com\/wordpress\/wp-json\/wp\/v2\/tags?post=8786"}],"curies":[{"name":"wp","href":"https:\/\/api.w.org\/{rel}","templated":true}]}}