{"id":8790,"date":"2024-08-02T08:08:08","date_gmt":"2024-08-02T14:08:08","guid":{"rendered":"https:\/\/www.archivosfutmex.com\/wordpress\/?p=8790"},"modified":"2024-08-02T08:08:09","modified_gmt":"2024-08-02T14:08:09","slug":"oracion-colecta-hoy-viernes-2-de-agosto-2024-desde-la-parroquia-de-la-sagrada-familia-en-guadalajara-jalisco-mexico","status":"publish","type":"post","link":"https:\/\/www.archivosfutmex.com\/wordpress\/archivos\/8790","title":{"rendered":"ORACION COLECTA Hoy Viernes 2 de Agosto 2024 desde la Parroquia de La Sagrada Familia en Guadalajara , Jalisco , M\u00e9xico"},"content":{"rendered":"\n<p>Se\u00f1or Dios , haz que nos revistamos con las Virtudes del coraz\u00f3n de tu Hijo y nos encendamos con el amor que lo inflama , para que , configurados a imagen suya , merezcamos ser part\u00edcipes de la redenci\u00f3n eterna, Por Nuestro Se\u00f1or Jesucristo \u2026\u2026.Am\u00e9n<\/p>\n","protected":false},"excerpt":{"rendered":"<p>Se\u00f1or Dios , haz que nos revistamos con las Virtudes del coraz\u00f3n de tu Hijo y nos encendamos con el amor que lo inflama , para que , configurados a imagen suya , merezcamos ser part\u00edcipes de la redenci\u00f3n eterna, Por Nuestro Se\u00f1or Jesucristo \u2026\u2026.Am\u00e9n<\/p>\n","protected":false},"author":2,"featured_media":0,"comment_status":"closed","ping_status":"closed","sticky":false,"template":"","format":"standard","meta":{"footnotes":""},"categories":[185],"tags":[],"class_list":["post-8790","post","type-post","status-publish","format-standard","hentry","category-oracion-colecta"],"_links":{"self":[{"href":"https:\/\/www.archivosfutmex.com\/wordpress\/wp-json\/wp\/v2\/posts\/8790","targetHints":{"allow":["GET"]}}],"collection":[{"href":"https:\/\/www.archivosfutmex.com\/wordpress\/wp-json\/wp\/v2\/posts"}],"about":[{"href":"https:\/\/www.archivosfutmex.com\/wordpress\/wp-json\/wp\/v2\/types\/post"}],"author":[{"embeddable":true,"href":"https:\/\/www.archivosfutmex.com\/wordpress\/wp-json\/wp\/v2\/users\/2"}],"replies":[{"embeddable":true,"href":"https:\/\/www.archivosfutmex.com\/wordpress\/wp-json\/wp\/v2\/comments?post=8790"}],"version-history":[{"count":0,"href":"https:\/\/www.archivosfutmex.com\/wordpress\/wp-json\/wp\/v2\/posts\/8790\/revisions"}],"wp:attachment":[{"href":"https:\/\/www.archivosfutmex.com\/wordpress\/wp-json\/wp\/v2\/media?parent=8790"}],"wp:term":[{"taxonomy":"category","embeddable":true,"href":"https:\/\/www.archivosfutmex.com\/wordpress\/wp-json\/wp\/v2\/categories?post=8790"},{"taxonomy":"post_tag","embeddable":true,"href":"https:\/\/www.archivosfutmex.com\/wordpress\/wp-json\/wp\/v2\/tags?post=8790"}],"curies":[{"name":"wp","href":"https:\/\/api.w.org\/{rel}","templated":true}]}}