{"id":8796,"date":"2024-08-03T01:10:29","date_gmt":"2024-08-03T07:10:29","guid":{"rendered":"https:\/\/www.archivosfutmex.com\/wordpress\/?p=8796"},"modified":"2024-08-03T01:10:30","modified_gmt":"2024-08-03T07:10:30","slug":"palabras-del-santo-padre-23","status":"publish","type":"post","link":"https:\/\/www.archivosfutmex.com\/wordpress\/archivos\/8796","title":{"rendered":"PALABRAS DEL SANTO PADRE"},"content":{"rendered":"\n<p>Detr\u00e1s de estos personajes est\u00e1 Satan\u00e1s, sembrador de odio en la mujer, sembrador de vanidad en la ni\u00f1a, sembrador de corrupci\u00f3n en el rey. Y el \u201chombre m\u00e1s grande nacido de mujer\u201d termin\u00f3 solo, en una celda oscura, por el capricho de una bailarina vanidosa, el odio de una mujer diab\u00f3lica y la corrupci\u00f3n de un rey indeciso. Es un m\u00e1rtir, que dej\u00f3 que su vida se apagara, se apagara, se apagara, para dar paso al Mes\u00edas. La vida s\u00f3lo tiene valor en darla, en darla en amor, en verdad, en darla a los dem\u00e1s, en la vida cotidiana, en la familia. Darlo siempre. Si alguien toma la vida para s\u00ed, para custodiarla, como el rey en su corrupci\u00f3n o la dama con odio, o la muchacha, la muchacha, con su propia vanidad -un poco adolescente, inconsciente- la vida muere, la vida acaba marchita, es in\u00fatil. (Casa Santa Marta, 8 de febrero de 2019)<\/p>\n","protected":false},"excerpt":{"rendered":"<p>Detr\u00e1s de estos personajes est\u00e1 Satan\u00e1s, sembrador de odio en la mujer, sembrador de vanidad en la ni\u00f1a, sembrador de corrupci\u00f3n en el rey. Y el \u201chombre m\u00e1s grande nacido de mujer\u201d termin\u00f3 solo, en una celda oscura, por el capricho de una bailarina vanidosa, el odio de una mujer diab\u00f3lica y la corrupci\u00f3n de [&hellip;]<\/p>\n","protected":false},"author":2,"featured_media":0,"comment_status":"closed","ping_status":"closed","sticky":false,"template":"","format":"standard","meta":{"footnotes":""},"categories":[229],"tags":[],"class_list":["post-8796","post","type-post","status-publish","format-standard","hentry","category-palabras-del-santo-padre"],"_links":{"self":[{"href":"https:\/\/www.archivosfutmex.com\/wordpress\/wp-json\/wp\/v2\/posts\/8796","targetHints":{"allow":["GET"]}}],"collection":[{"href":"https:\/\/www.archivosfutmex.com\/wordpress\/wp-json\/wp\/v2\/posts"}],"about":[{"href":"https:\/\/www.archivosfutmex.com\/wordpress\/wp-json\/wp\/v2\/types\/post"}],"author":[{"embeddable":true,"href":"https:\/\/www.archivosfutmex.com\/wordpress\/wp-json\/wp\/v2\/users\/2"}],"replies":[{"embeddable":true,"href":"https:\/\/www.archivosfutmex.com\/wordpress\/wp-json\/wp\/v2\/comments?post=8796"}],"version-history":[{"count":0,"href":"https:\/\/www.archivosfutmex.com\/wordpress\/wp-json\/wp\/v2\/posts\/8796\/revisions"}],"wp:attachment":[{"href":"https:\/\/www.archivosfutmex.com\/wordpress\/wp-json\/wp\/v2\/media?parent=8796"}],"wp:term":[{"taxonomy":"category","embeddable":true,"href":"https:\/\/www.archivosfutmex.com\/wordpress\/wp-json\/wp\/v2\/categories?post=8796"},{"taxonomy":"post_tag","embeddable":true,"href":"https:\/\/www.archivosfutmex.com\/wordpress\/wp-json\/wp\/v2\/tags?post=8796"}],"curies":[{"name":"wp","href":"https:\/\/api.w.org\/{rel}","templated":true}]}}