{"id":8798,"date":"2024-08-03T06:38:23","date_gmt":"2024-08-03T12:38:23","guid":{"rendered":"https:\/\/www.archivosfutmex.com\/wordpress\/?p=8798"},"modified":"2024-08-03T06:38:23","modified_gmt":"2024-08-03T12:38:23","slug":"oracion-colecta-hoy-sabado-3-de-agosto-2024-desde-la-parroquia-de-la-nuestra-senora-del-sagrario-en-guadalajara","status":"publish","type":"post","link":"https:\/\/www.archivosfutmex.com\/wordpress\/archivos\/8798","title":{"rendered":"ORACION COLECTA Hoy S\u00e1bado 3 de Agosto 2024 desde la Parroquia de la Nuestra Se\u00f1ora del Sagrario en Guadalajara"},"content":{"rendered":"\n<p>Conc\u00e9denos , Dios misericordioso , auxilio en nuestra fragilidad , para quienes celebramos la conmemoraci\u00f3n de la santa Madre de Dios, con la ayuda de su intercesi\u00f3n nos veamos libres de nuestras culpas . Por nuestro Se\u00f1or Jesucristo\u2026..Am\u00e9n<\/p>\n","protected":false},"excerpt":{"rendered":"<p>Conc\u00e9denos , Dios misericordioso , auxilio en nuestra fragilidad , para quienes celebramos la conmemoraci\u00f3n de la santa Madre de Dios, con la ayuda de su intercesi\u00f3n nos veamos libres de nuestras culpas . Por nuestro Se\u00f1or Jesucristo\u2026..Am\u00e9n<\/p>\n","protected":false},"author":2,"featured_media":0,"comment_status":"closed","ping_status":"closed","sticky":false,"template":"","format":"standard","meta":{"footnotes":""},"categories":[185],"tags":[],"class_list":["post-8798","post","type-post","status-publish","format-standard","hentry","category-oracion-colecta"],"_links":{"self":[{"href":"https:\/\/www.archivosfutmex.com\/wordpress\/wp-json\/wp\/v2\/posts\/8798","targetHints":{"allow":["GET"]}}],"collection":[{"href":"https:\/\/www.archivosfutmex.com\/wordpress\/wp-json\/wp\/v2\/posts"}],"about":[{"href":"https:\/\/www.archivosfutmex.com\/wordpress\/wp-json\/wp\/v2\/types\/post"}],"author":[{"embeddable":true,"href":"https:\/\/www.archivosfutmex.com\/wordpress\/wp-json\/wp\/v2\/users\/2"}],"replies":[{"embeddable":true,"href":"https:\/\/www.archivosfutmex.com\/wordpress\/wp-json\/wp\/v2\/comments?post=8798"}],"version-history":[{"count":0,"href":"https:\/\/www.archivosfutmex.com\/wordpress\/wp-json\/wp\/v2\/posts\/8798\/revisions"}],"wp:attachment":[{"href":"https:\/\/www.archivosfutmex.com\/wordpress\/wp-json\/wp\/v2\/media?parent=8798"}],"wp:term":[{"taxonomy":"category","embeddable":true,"href":"https:\/\/www.archivosfutmex.com\/wordpress\/wp-json\/wp\/v2\/categories?post=8798"},{"taxonomy":"post_tag","embeddable":true,"href":"https:\/\/www.archivosfutmex.com\/wordpress\/wp-json\/wp\/v2\/tags?post=8798"}],"curies":[{"name":"wp","href":"https:\/\/api.w.org\/{rel}","templated":true}]}}