{"id":8937,"date":"2024-08-04T22:25:03","date_gmt":"2024-08-05T04:25:03","guid":{"rendered":"https:\/\/www.archivosfutmex.com\/wordpress\/?p=8937"},"modified":"2024-08-04T22:25:04","modified_gmt":"2024-08-05T04:25:04","slug":"primera-lectura-de-hoy-manana-5-agosto-2024-del-libro-de-jeremias-jer-28-1-17","status":"publish","type":"post","link":"https:\/\/www.archivosfutmex.com\/wordpress\/archivos\/8937","title":{"rendered":"Primera Lectura de Hoy (Ma\u00f1ana) 5 Agosto 2024, Del Libro de Jerem\u00edas Jer 28, 1-17"},"content":{"rendered":"\n<p>Jer 28, 1-17<\/p>\n\n\n\n<p>El quinto mes del cuarto a\u00f1o del reinado de Sedec\u00edas, Janan\u00edas, hijo de Azur y profeta de Gaba\u00f3n, le dijo a Jerem\u00edas en el templo, en presencia de los sacerdotes y de todo el pueblo: \u201cEsto dice el Se\u00f1or de los ej\u00e9rcitos, el Dios de Israel: \u2018Voy a romper el yugo del rey de Babilonia. Dentro de dos a\u00f1os har\u00e9 que se devuelvan todos los objetos del templo del Se\u00f1or, que el rey Nabucodonosor tom\u00f3 de este lugar y se llev\u00f3 a Babilonia; har\u00e9 volver a Jecon\u00edas, hijo de Joaqu\u00edn y rey de Jud\u00e1, y a todos los desterrados de Jud\u00e1 que han ido a Babilonia, en cuanto yo rompa, dice el Se\u00f1or, el yugo del rey Nabucodonosor\u2019\u201d.<\/p>\n\n\n\n<p>Entonces el profeta Jerem\u00edas le respondi\u00f3 a Janan\u00edas, en presencia de los sacerdotes y de todo el pueblo que estaba en el templo del Se\u00f1or: \u201cAm\u00e9n. Que as\u00ed lo haga el Se\u00f1or. Que el Se\u00f1or confirme lo que has predicho y haga retornar de Babilonia a este lugar los objetos del templo del Se\u00f1or y a todos los desterrados. Pero, pon atenci\u00f3n a lo que voy a decirte delante de todo el pueblo: Antes de m\u00ed y antes de ti, siempre ha habido profetas que predijeron a muchos pa\u00edses y a grandes reinos la guerra, el hambre y la peste. Y cuando un profeta predice la paz, s\u00f3lo hasta que se cumplen sus palabras, se puede reconocer que es verdadero profeta, enviado por el Se\u00f1or\u201d. Entonces Janan\u00edas tom\u00f3 el yugo que tra\u00eda Jerem\u00edas en el cuello, lo rompi\u00f3 y dijo delante de todo el pueblo: \u201cEsto dice el Se\u00f1or: \u2018As\u00ed romper\u00e9 el yugo de Nabucodonosor, rey de Babilonia, dentro de dos a\u00f1os y lo quitar\u00e9 del cuello de todas las naciones\u2019 \u201d.<\/p>\n\n\n\n<p>Jerem\u00edas se alej\u00f3 de all\u00ed. Pero un tiempo despu\u00e9s de que Janan\u00edas hab\u00eda roto el yugo del cuello del profeta Jerem\u00edas, el Se\u00f1or le habl\u00f3 a \u00e9ste y le dijo: \u201cVe y dile a Janan\u00edas: \u2018Esto dice el Se\u00f1or: Has roto un yugo de madera, pero yo lo sustituir\u00e9 por uno de hierro. Porque esto dice el Se\u00f1or de los ej\u00e9rcitos, el Dios de Israel: He puesto en el cuello de todas estas naciones un yugo de hierro, para someterlas al servicio de Nabucodonosor, rey de Babilonia, y hasta las bestias del campo lo servir\u00e1n\u2019 \u201d. Y Jerem\u00edas a\u00f1adi\u00f3: \u201cEscucha, Janan\u00edas: No te ha enviado el Se\u00f1or y t\u00fa has hecho que el pueblo crea en una mentira. Por eso el Se\u00f1or te dice: \u2018Yo te borrar\u00e9 de la superficie de la tierra. Este a\u00f1o morir\u00e1s, por haber incitado a la rebeli\u00f3n contra el Se\u00f1or\u2019 \u201d. Y el profeta Janan\u00edas muri\u00f3 aquel mismo a\u00f1o, en el mes s\u00e9ptimo.<\/p>\n","protected":false},"excerpt":{"rendered":"<p>Jer 28, 1-17 El quinto mes del cuarto a\u00f1o del reinado de Sedec\u00edas, Janan\u00edas, hijo de Azur y profeta de Gaba\u00f3n, le dijo a Jerem\u00edas en el templo, en presencia de los sacerdotes y de todo el pueblo: \u201cEsto dice el Se\u00f1or de los ej\u00e9rcitos, el Dios de Israel: \u2018Voy a romper el yugo del [&hellip;]<\/p>\n","protected":false},"author":2,"featured_media":0,"comment_status":"closed","ping_status":"closed","sticky":false,"template":"","format":"standard","meta":{"footnotes":""},"categories":[205],"tags":[],"class_list":["post-8937","post","type-post","status-publish","format-standard","hentry","category-primera-lectura"],"_links":{"self":[{"href":"https:\/\/www.archivosfutmex.com\/wordpress\/wp-json\/wp\/v2\/posts\/8937","targetHints":{"allow":["GET"]}}],"collection":[{"href":"https:\/\/www.archivosfutmex.com\/wordpress\/wp-json\/wp\/v2\/posts"}],"about":[{"href":"https:\/\/www.archivosfutmex.com\/wordpress\/wp-json\/wp\/v2\/types\/post"}],"author":[{"embeddable":true,"href":"https:\/\/www.archivosfutmex.com\/wordpress\/wp-json\/wp\/v2\/users\/2"}],"replies":[{"embeddable":true,"href":"https:\/\/www.archivosfutmex.com\/wordpress\/wp-json\/wp\/v2\/comments?post=8937"}],"version-history":[{"count":0,"href":"https:\/\/www.archivosfutmex.com\/wordpress\/wp-json\/wp\/v2\/posts\/8937\/revisions"}],"wp:attachment":[{"href":"https:\/\/www.archivosfutmex.com\/wordpress\/wp-json\/wp\/v2\/media?parent=8937"}],"wp:term":[{"taxonomy":"category","embeddable":true,"href":"https:\/\/www.archivosfutmex.com\/wordpress\/wp-json\/wp\/v2\/categories?post=8937"},{"taxonomy":"post_tag","embeddable":true,"href":"https:\/\/www.archivosfutmex.com\/wordpress\/wp-json\/wp\/v2\/tags?post=8937"}],"curies":[{"name":"wp","href":"https:\/\/api.w.org\/{rel}","templated":true}]}}