{"id":8952,"date":"2024-08-06T04:56:16","date_gmt":"2024-08-06T10:56:16","guid":{"rendered":"http:\/\/www.archivosfutmex.com\/wordpress\/?p=8952"},"modified":"2024-08-06T04:56:16","modified_gmt":"2024-08-06T10:56:16","slug":"primera-lectura-hoy-martes-6-agosto-2024-de-la-profecia-de-daniel","status":"publish","type":"post","link":"https:\/\/www.archivosfutmex.com\/wordpress\/archivos\/8952","title":{"rendered":"Primera Lectura Hoy Martes 6 Agosto 2024 , De la Profec\u00eda de Daniel"},"content":{"rendered":"\n<p>Dn 7, 9-10. 13-14<\/p>\n\n\n\n<p>Yo, Daniel, tuve una visi\u00f3n nocturna:<br>Vi que colocaban unos tronos<br>y un anciano se sent\u00f3.<br>Su vestido era blanco como la nieve,<br>y sus cabellos, blancos como lana.<br>Su trono, llamas de fuego,<br>con ruedas encendidas.<br>Un r\u00edo de fuego brotaba delante de \u00e9l.<br>Miles y miles lo serv\u00edan,<br>millones y millones estaban a sus \u00f3rdenes.<br>Comenz\u00f3 el juicio y se abrieron los libros.<\/p>\n\n\n\n<p>Yo segu\u00ed contemplando en mi visi\u00f3n nocturna<br>y vi a alguien semejante a un hijo de hombre,<br>que ven\u00eda entre las nubes del cielo.<br>Avanz\u00f3 hacia el anciano de muchos siglos<br>y fue introducido a su presencia.<br>Entonces recibi\u00f3 la soberan\u00eda, la gloria y el reino.<br>Y todos los pueblos y naciones<br>de todas las lenguas lo serv\u00edan.<br>Su poder nunca se acabar\u00e1, porque es un poder eterno,<br>y su reino jam\u00e1s ser\u00e1 destruido.<\/p>\n","protected":false},"excerpt":{"rendered":"<p>Dn 7, 9-10. 13-14 Yo, Daniel, tuve una visi\u00f3n nocturna:Vi que colocaban unos tronosy un anciano se sent\u00f3.Su vestido era blanco como la nieve,y sus cabellos, blancos como lana.Su trono, llamas de fuego,con ruedas encendidas.Un r\u00edo de fuego brotaba delante de \u00e9l.Miles y miles lo serv\u00edan,millones y millones estaban a sus \u00f3rdenes.Comenz\u00f3 el juicio y [&hellip;]<\/p>\n","protected":false},"author":2,"featured_media":0,"comment_status":"closed","ping_status":"closed","sticky":false,"template":"","format":"standard","meta":{"footnotes":""},"categories":[205],"tags":[],"class_list":["post-8952","post","type-post","status-publish","format-standard","hentry","category-primera-lectura"],"_links":{"self":[{"href":"https:\/\/www.archivosfutmex.com\/wordpress\/wp-json\/wp\/v2\/posts\/8952","targetHints":{"allow":["GET"]}}],"collection":[{"href":"https:\/\/www.archivosfutmex.com\/wordpress\/wp-json\/wp\/v2\/posts"}],"about":[{"href":"https:\/\/www.archivosfutmex.com\/wordpress\/wp-json\/wp\/v2\/types\/post"}],"author":[{"embeddable":true,"href":"https:\/\/www.archivosfutmex.com\/wordpress\/wp-json\/wp\/v2\/users\/2"}],"replies":[{"embeddable":true,"href":"https:\/\/www.archivosfutmex.com\/wordpress\/wp-json\/wp\/v2\/comments?post=8952"}],"version-history":[{"count":0,"href":"https:\/\/www.archivosfutmex.com\/wordpress\/wp-json\/wp\/v2\/posts\/8952\/revisions"}],"wp:attachment":[{"href":"https:\/\/www.archivosfutmex.com\/wordpress\/wp-json\/wp\/v2\/media?parent=8952"}],"wp:term":[{"taxonomy":"category","embeddable":true,"href":"https:\/\/www.archivosfutmex.com\/wordpress\/wp-json\/wp\/v2\/categories?post=8952"},{"taxonomy":"post_tag","embeddable":true,"href":"https:\/\/www.archivosfutmex.com\/wordpress\/wp-json\/wp\/v2\/tags?post=8952"}],"curies":[{"name":"wp","href":"https:\/\/api.w.org\/{rel}","templated":true}]}}