{"id":9200,"date":"2024-08-11T08:01:06","date_gmt":"2024-08-11T14:01:06","guid":{"rendered":"https:\/\/www.archivosfutmex.com\/wordpress\/?p=9200"},"modified":"2024-08-11T08:01:07","modified_gmt":"2024-08-11T14:01:07","slug":"2002-revista-balonmexico-pagina-35-7de-febrero-2002-n-1952","status":"publish","type":"post","link":"https:\/\/www.archivosfutmex.com\/wordpress\/archivos\/9200","title":{"rendered":"2002- REVISTA BAL\u00d3N(M\u00c9XICO) , P\u00e1gina 35, 7de Febrero 2002, N. 1952"},"content":{"rendered":"\n<p>e-mail: brasilmemo42@gmail.com<\/p>\n\n\n\n<figure class=\"wp-block-image size-large\"><a href=\"https:\/\/www.archivosfutmex.com\/wordpress\/wp-content\/uploads\/2024\/08\/BALON-2002-PAGINA-35-scaled.jpg\"><img loading=\"lazy\" decoding=\"async\" width=\"768\" height=\"1024\" src=\"https:\/\/www.archivosfutmex.com\/wordpress\/wp-content\/uploads\/2024\/08\/BALON-2002-PAGINA-35-768x1024.jpg\" alt=\"\" class=\"wp-image-9201\" srcset=\"https:\/\/www.archivosfutmex.com\/wordpress\/wp-content\/uploads\/2024\/08\/BALON-2002-PAGINA-35-768x1024.jpg 768w, https:\/\/www.archivosfutmex.com\/wordpress\/wp-content\/uploads\/2024\/08\/BALON-2002-PAGINA-35-225x300.jpg 225w, https:\/\/www.archivosfutmex.com\/wordpress\/wp-content\/uploads\/2024\/08\/BALON-2002-PAGINA-35-1152x1536.jpg 1152w, https:\/\/www.archivosfutmex.com\/wordpress\/wp-content\/uploads\/2024\/08\/BALON-2002-PAGINA-35-1536x2048.jpg 1536w, https:\/\/www.archivosfutmex.com\/wordpress\/wp-content\/uploads\/2024\/08\/BALON-2002-PAGINA-35-scaled.jpg 1920w\" sizes=\"auto, (max-width: 768px) 100vw, 768px\" \/><\/a><\/figure>\n","protected":false},"excerpt":{"rendered":"<p>e-mail: brasilmemo42@gmail.com<\/p>\n","protected":false},"author":2,"featured_media":0,"comment_status":"closed","ping_status":"closed","sticky":false,"template":"","format":"standard","meta":{"footnotes":""},"categories":[243],"tags":[],"class_list":["post-9200","post","type-post","status-publish","format-standard","hentry","category-2002-revista-balon-mexico-7-de-febrero-2002-n-1952"],"_links":{"self":[{"href":"https:\/\/www.archivosfutmex.com\/wordpress\/wp-json\/wp\/v2\/posts\/9200","targetHints":{"allow":["GET"]}}],"collection":[{"href":"https:\/\/www.archivosfutmex.com\/wordpress\/wp-json\/wp\/v2\/posts"}],"about":[{"href":"https:\/\/www.archivosfutmex.com\/wordpress\/wp-json\/wp\/v2\/types\/post"}],"author":[{"embeddable":true,"href":"https:\/\/www.archivosfutmex.com\/wordpress\/wp-json\/wp\/v2\/users\/2"}],"replies":[{"embeddable":true,"href":"https:\/\/www.archivosfutmex.com\/wordpress\/wp-json\/wp\/v2\/comments?post=9200"}],"version-history":[{"count":0,"href":"https:\/\/www.archivosfutmex.com\/wordpress\/wp-json\/wp\/v2\/posts\/9200\/revisions"}],"wp:attachment":[{"href":"https:\/\/www.archivosfutmex.com\/wordpress\/wp-json\/wp\/v2\/media?parent=9200"}],"wp:term":[{"taxonomy":"category","embeddable":true,"href":"https:\/\/www.archivosfutmex.com\/wordpress\/wp-json\/wp\/v2\/categories?post=9200"},{"taxonomy":"post_tag","embeddable":true,"href":"https:\/\/www.archivosfutmex.com\/wordpress\/wp-json\/wp\/v2\/tags?post=9200"}],"curies":[{"name":"wp","href":"https:\/\/api.w.org\/{rel}","templated":true}]}}