{"id":9324,"date":"2024-08-14T08:54:54","date_gmt":"2024-08-14T14:54:54","guid":{"rendered":"http:\/\/www.archivosfutmex.com\/wordpress\/?p=9324"},"modified":"2024-08-14T08:54:54","modified_gmt":"2024-08-14T14:54:54","slug":"oracion-colecta-hoy-miercoles-14-de-agosto-2024","status":"publish","type":"post","link":"https:\/\/www.archivosfutmex.com\/wordpress\/archivos\/9324","title":{"rendered":"ORACI\u00d3N COLECTA Hoy Mi\u00e9rcoles 14 de Agosto 2024"},"content":{"rendered":"\n<p>Dios Nuestro , que llenaste de celo por las almas y de amor al Pr\u00f3jimo al presb\u00edtero y m\u00e1rtir san Maximiliano Mar\u00eda Kolbe , inflamado en amor a la virgen Inmaculada , concede, propicio, que, por tu intercesi\u00f3n<\/p>\n\n\n\n<p>Trabajando esforzadamente por tu gloria al servicio de los hombres, podamos asemejarnos a tu Hijo hasta la muerte. \u00c9l, que vive y reina contigo\u2026\u2026.Am\u00e9n<\/p>\n","protected":false},"excerpt":{"rendered":"<p>Dios Nuestro , que llenaste de celo por las almas y de amor al Pr\u00f3jimo al presb\u00edtero y m\u00e1rtir san Maximiliano Mar\u00eda Kolbe , inflamado en amor a la virgen Inmaculada , concede, propicio, que, por tu intercesi\u00f3n Trabajando esforzadamente por tu gloria al servicio de los hombres, podamos asemejarnos a tu Hijo hasta la [&hellip;]<\/p>\n","protected":false},"author":2,"featured_media":0,"comment_status":"closed","ping_status":"closed","sticky":false,"template":"","format":"standard","meta":{"footnotes":""},"categories":[185],"tags":[],"class_list":["post-9324","post","type-post","status-publish","format-standard","hentry","category-oracion-colecta"],"_links":{"self":[{"href":"https:\/\/www.archivosfutmex.com\/wordpress\/wp-json\/wp\/v2\/posts\/9324","targetHints":{"allow":["GET"]}}],"collection":[{"href":"https:\/\/www.archivosfutmex.com\/wordpress\/wp-json\/wp\/v2\/posts"}],"about":[{"href":"https:\/\/www.archivosfutmex.com\/wordpress\/wp-json\/wp\/v2\/types\/post"}],"author":[{"embeddable":true,"href":"https:\/\/www.archivosfutmex.com\/wordpress\/wp-json\/wp\/v2\/users\/2"}],"replies":[{"embeddable":true,"href":"https:\/\/www.archivosfutmex.com\/wordpress\/wp-json\/wp\/v2\/comments?post=9324"}],"version-history":[{"count":0,"href":"https:\/\/www.archivosfutmex.com\/wordpress\/wp-json\/wp\/v2\/posts\/9324\/revisions"}],"wp:attachment":[{"href":"https:\/\/www.archivosfutmex.com\/wordpress\/wp-json\/wp\/v2\/media?parent=9324"}],"wp:term":[{"taxonomy":"category","embeddable":true,"href":"https:\/\/www.archivosfutmex.com\/wordpress\/wp-json\/wp\/v2\/categories?post=9324"},{"taxonomy":"post_tag","embeddable":true,"href":"https:\/\/www.archivosfutmex.com\/wordpress\/wp-json\/wp\/v2\/tags?post=9324"}],"curies":[{"name":"wp","href":"https:\/\/api.w.org\/{rel}","templated":true}]}}